{"id":1036,"date":"2015-02-26T15:14:28","date_gmt":"2015-02-26T15:14:28","guid":{"rendered":"http:\/\/bergen.katolsk.no\/?p=1036"},"modified":"2015-03-21T16:16:10","modified_gmt":"2015-03-21T16:16:10","slug":"kunngjoringer-sondag-1-mars-2015","status":"publish","type":"post","link":"https:\/\/bergen.katolsk.no\/?p=1036","title":{"rendered":"Kunngj\u00f8ringer, s\u00f8ndag 1. mars 2015"},"content":{"rendered":"<p>&#8211; Det blir fasteretrett med P. Sigurd Markussen i St Paul menighet fra torsdag 5. mars til s\u00f8ndag 8. mars. Hans meditasjoner tar utgangspunkt i 2. Vatikankonsils dokument &#8220;Lumen Gentium&#8221; og vil v\u00e6re om Kristus som folkeslagenes lys og oss troende i fastetiden. Alle er hjertelig velkommen. Det kreves ingen p\u00e5melding og man kan ogs\u00e5 v\u00e6re med p\u00e5 bare deler av retretten. Program er lagt ut p\u00e5 nettsiden og henger i St Paul kirkes oppslagstavler.<\/p>\n<p>&#8211; Orgelklubben Ferdinands salmespillkonkurranse<br \/>\nvil finne sted i Domkirken s\u00f8ndag 8. Mars kl. 13.<br \/>\nVi trenger en syngende forsamling og oppfordrer alle til \u00e5 komme innom, synge med og heie frem den du mener spiller best n\u00e5r du synger.<br \/>\nDet er 6 deltager i alderen 10 til 18 som deltar.<br \/>\nArrang\u00f8r er Orgelklubben Ferdinand i samarbeid med St. Paul menighet og Domkirken menighet.<\/p>\n<p>&#8211; Det arrangeres engelskspr\u00e5klig pilegrimstur til Det Hellige Land 15-22 juni 2015. Turen ledes av p Johan Dumandan. Interesserte kan ta kontakt med ham for flere detaljer tlf: 474 74 176 eller p\u00e5 e-post: Johan.Dumandan@katolsk.no P\u00e5melding innen 1. april.<br \/>\n&#8212;&#8212;&#8212;&#8212;&#8212;&#8212;&#8212;&#8212;&#8212;&#8212;&#8212;&#8212;&#8212;&#8212;&#8212;&#8212;&#8212;&#8212;&#8212;&#8212;&#8211; (I h\u00f8ymessen)<br \/>\n&#8211; Etter h\u00f8ymessen er alle hjertelig velkommen til kirke-kaffe i krypten. Legfransiskanernes bokstand er \u00e5pen.<\/p>\n","protected":false},"excerpt":{"rendered":"<p>&#8211; Det blir fasteretrett med P. Sigurd Markussen i St Paul menighet fra torsdag 5. mars til s\u00f8ndag 8. mars.<\/p>\n","protected":false},"author":5,"featured_media":0,"comment_status":"closed","ping_status":"closed","sticky":false,"template":"","format":"standard","meta":{"colormag_page_container_layout":"default_layout","colormag_page_sidebar_layout":"default_layout","_exactmetrics_skip_tracking":false,"_exactmetrics_sitenote_active":false,"_exactmetrics_sitenote_note":"","_exactmetrics_sitenote_category":0,"footnotes":""},"categories":[4],"tags":[],"class_list":["post-1036","post","type-post","status-publish","format-standard","hentry","category-kunngjoring"],"_links":{"self":[{"href":"https:\/\/bergen.katolsk.no\/index.php?rest_route=\/wp\/v2\/posts\/1036","targetHints":{"allow":["GET"]}}],"collection":[{"href":"https:\/\/bergen.katolsk.no\/index.php?rest_route=\/wp\/v2\/posts"}],"about":[{"href":"https:\/\/bergen.katolsk.no\/index.php?rest_route=\/wp\/v2\/types\/post"}],"author":[{"embeddable":true,"href":"https:\/\/bergen.katolsk.no\/index.php?rest_route=\/wp\/v2\/users\/5"}],"replies":[{"embeddable":true,"href":"https:\/\/bergen.katolsk.no\/index.php?rest_route=%2Fwp%2Fv2%2Fcomments&post=1036"}],"version-history":[{"count":1,"href":"https:\/\/bergen.katolsk.no\/index.php?rest_route=\/wp\/v2\/posts\/1036\/revisions"}],"predecessor-version":[{"id":1037,"href":"https:\/\/bergen.katolsk.no\/index.php?rest_route=\/wp\/v2\/posts\/1036\/revisions\/1037"}],"wp:attachment":[{"href":"https:\/\/bergen.katolsk.no\/index.php?rest_route=%2Fwp%2Fv2%2Fmedia&parent=1036"}],"wp:term":[{"taxonomy":"category","embeddable":true,"href":"https:\/\/bergen.katolsk.no\/index.php?rest_route=%2Fwp%2Fv2%2Fcategories&post=1036"},{"taxonomy":"post_tag","embeddable":true,"href":"https:\/\/bergen.katolsk.no\/index.php?rest_route=%2Fwp%2Fv2%2Ftags&post=1036"}],"curies":[{"name":"wp","href":"https:\/\/api.w.org\/{rel}","templated":true}]}}