{"id":1040,"date":"2015-02-28T09:07:45","date_gmt":"2015-02-28T09:07:45","guid":{"rendered":"http:\/\/bergen.katolsk.no\/?p=1040"},"modified":"2015-02-28T09:08:45","modified_gmt":"2015-02-28T09:08:45","slug":"ogloszenia-parafialne-niedziela-1-marca-2015","status":"publish","type":"post","link":"https:\/\/bergen.katolsk.no\/?p=1040","title":{"rendered":"OG\u0141OSZENIA PARAFIALNE niedziela 1 marca 2015"},"content":{"rendered":"<p>Rekolekcje wielkopostne w j\u0119zyku norweskim odb\u0119d\u0105 si\u0119 od czwartku 5 marca do niedzieli 8 marca. Ksi\u0105dz rekolekcjonista Sigurd Markussen b\u0119dzie g\u0142osi\u0142 kazania czerpi\u0105c inspiracje z dokumentu II Soboru Watykanskiego \u201dLumen Gentium\u201d \u2013 \u201dChrystus \u015awiat\u0142o narod\u00f3w, a my wierz\u0105cy w okresie wielkiego postu\u201d. Wszystkich serdecznie zapraszamy. Program rekolekcji jest wywieszony przed ko\u015bcio\u0142em i opublikowany na stronach internetowych parafii.<\/p>\n<p>Klub gry na organach Ferdinand (Orgelklubben Ferdinand) organizuje konkurs gry hymn\u00f3w dla swoich uczni\u00f3w. Odb\u0119dzie si\u0119 on w katedrze protestanckiej \u2013 Domkirken \u2013 w niedziel\u0119 8 marca od godz. 13. Zach\u0119camy do udzia\u0142u w konkursie, gdy\u017c kandydaci potrzebuj\u0105 wsparcia \u015bpiewaj\u0105cych wiernych. Wyst\u0105pi 6 kandydat\u00f3w w wieku od 10 do 18 lat. Parafia \u015aw. Paw\u0142a jest wsp\u00f3\u0142organizatorem konkursu wsp\u00f3lnie z protestanck\u0105 parafi\u0105 katedraln\u0105 i Klubem gry na organach Ferdinand<\/p>\n<p>Organizowana jest angielskoj\u0119zyczna pielgrzymka do Ziemi \u015awi\u0119tej w dniach 15 &#8211; 22 czerwca 2015 z ks.Johanem Dumandan (duszpasterz filipi\u0144ski). Zainteresowani proszeni s\u0105 o kontakt z k.sJohanem tlf 47474176 lub email : Johan.Dumandan@katolsk.no. Termin zg\u0142osze\u0144 up\u0142ywa 1 kwietnia.<br \/>\nPo Sumie o godz 11ej zapraszamy na kaw\u0119 do Krypty<\/p>\n","protected":false},"excerpt":{"rendered":"<p>Rekolekcje wielkopostne w j\u0119zyku norweskim odb\u0119d\u0105 si\u0119 od czwartku 5 marca do niedzieli 8 marca. Ksi\u0105dz rekolekcjonista Sigurd Markussen b\u0119dzie<\/p>\n","protected":false},"author":3,"featured_media":0,"comment_status":"closed","ping_status":"closed","sticky":false,"template":"","format":"standard","meta":{"colormag_page_container_layout":"default_layout","colormag_page_sidebar_layout":"default_layout","_exactmetrics_skip_tracking":false,"_exactmetrics_sitenote_active":false,"_exactmetrics_sitenote_note":"","_exactmetrics_sitenote_category":0,"footnotes":""},"categories":[5],"tags":[],"class_list":["post-1040","post","type-post","status-publish","format-standard","hentry","category-polski"],"_links":{"self":[{"href":"https:\/\/bergen.katolsk.no\/index.php?rest_route=\/wp\/v2\/posts\/1040","targetHints":{"allow":["GET"]}}],"collection":[{"href":"https:\/\/bergen.katolsk.no\/index.php?rest_route=\/wp\/v2\/posts"}],"about":[{"href":"https:\/\/bergen.katolsk.no\/index.php?rest_route=\/wp\/v2\/types\/post"}],"author":[{"embeddable":true,"href":"https:\/\/bergen.katolsk.no\/index.php?rest_route=\/wp\/v2\/users\/3"}],"replies":[{"embeddable":true,"href":"https:\/\/bergen.katolsk.no\/index.php?rest_route=%2Fwp%2Fv2%2Fcomments&post=1040"}],"version-history":[{"count":2,"href":"https:\/\/bergen.katolsk.no\/index.php?rest_route=\/wp\/v2\/posts\/1040\/revisions"}],"predecessor-version":[{"id":1042,"href":"https:\/\/bergen.katolsk.no\/index.php?rest_route=\/wp\/v2\/posts\/1040\/revisions\/1042"}],"wp:attachment":[{"href":"https:\/\/bergen.katolsk.no\/index.php?rest_route=%2Fwp%2Fv2%2Fmedia&parent=1040"}],"wp:term":[{"taxonomy":"category","embeddable":true,"href":"https:\/\/bergen.katolsk.no\/index.php?rest_route=%2Fwp%2Fv2%2Fcategories&post=1040"},{"taxonomy":"post_tag","embeddable":true,"href":"https:\/\/bergen.katolsk.no\/index.php?rest_route=%2Fwp%2Fv2%2Ftags&post=1040"}],"curies":[{"name":"wp","href":"https:\/\/api.w.org\/{rel}","templated":true}]}}