{"id":1069,"date":"2015-03-04T19:37:22","date_gmt":"2015-03-04T19:37:22","guid":{"rendered":"http:\/\/bergen.katolsk.no\/?p=1069"},"modified":"2015-03-06T14:03:11","modified_gmt":"2015-03-06T14:03:11","slug":"bonn-for-biskopen","status":"publish","type":"post","link":"https:\/\/bergen.katolsk.no\/?p=1069","title":{"rendered":"B\u00f8nn for biskopen"},"content":{"rendered":"<p>Herre Jesus Kristus, du har villet bygge opp din Kirke p\u00e5 jorden. Derfor sendte du dine hellige apostler for \u00e5 l\u00e6re og d\u00f8pe alle folk og f\u00f8re dem p\u00e5 frelsens vei. Vi takker deg for troens n\u00e5de, som vi har mottatt gjennom dem og vi ber deg: Se i n\u00e5de til v\u00e5r overhyrde, biskopen, som ut\u00f8ver apostelembetet blant oss.<\/p>\n<p>Du har valgt ham ut av ditt folk og satt ham til \u00e5 v\u00e6re v\u00e5r biskop, for at han skal ta vare p\u00e5 den hjord som Den Hellige \u00c5nd har satt ham til \u00e5 styre. Hjelp ham derfor til \u00e5 v\u00e6re en god hyrde, som har omsorg for hjorden, vokter og leder den med hellig kraft og visdom i kj\u00e6rlighet.<\/p>\n<p>Styrk ham i hans embete og velsign ham med din n\u00e5des fylde. \u00d8k dag for dag Den Hellige \u00c5nds kraft i ham, den han mottok ved sin vigsel til \u00e5 v\u00e6re apostlenes etterf\u00f8lger. La ditt hjertes kj\u00e6rlighet r\u00e5de i hans sinn og Den Hellige \u00c5nds visdom styre hans ferd, s\u00e5 han i ord og gjerning m\u00e5 b\u00e6re rik \u00e5ndelig frukt og hjelpe til \u00e5 bygge opp ditt rike i v\u00e5rt land.<\/p>\n<p>Vi ber deg Herre, du som er barmhjertighet, gi ham, hans medarbeidere og oss alle en stadig dypere visshet om din omsorg slik at vi sammen kan overgi alle pr\u00f8velser i din store kj\u00e6rlighet. Gi oss alle t\u00e5lmodige og forsonende hjerter og la aldri motgang og fortvilelse hindre oss i \u00e5 vende blikket mot deg, du som ved ditt kors og oppstandelse \u00f8nsker \u00e5 dra oss alle inn i ditt lys, din fred og glede.<\/p>\n<p>Det ber vi deg om ved Kristus, v\u00e5r Herre. AMEN<\/p>\n<p>&nbsp;<\/p>\n<p>Under ditt vern tar vi v\u00e5r tilflukt, hellige Guds Mor.<\/p>\n<p>Ta n\u00e5dig imot de b\u00f8nner vi ber i v\u00e5re trengsler,<\/p>\n<p>og frels oss fra alle farer, du evige Jomfru,<\/p>\n<p>velsignet og herlig. AMEN.<\/p>\n<p>.<\/p>\n","protected":false},"excerpt":{"rendered":"<p>Herre Jesus Kristus, du har villet bygge opp din Kirke p\u00e5 jorden. Derfor sendte du dine hellige apostler for \u00e5<\/p>\n","protected":false},"author":3,"featured_media":0,"comment_status":"closed","ping_status":"closed","sticky":false,"template":"","format":"standard","meta":{"colormag_page_container_layout":"default_layout","colormag_page_sidebar_layout":"default_layout","_exactmetrics_skip_tracking":false,"_exactmetrics_sitenote_active":false,"_exactmetrics_sitenote_note":"","_exactmetrics_sitenote_category":0,"footnotes":""},"categories":[1],"tags":[],"class_list":["post-1069","post","type-post","status-publish","format-standard","hentry","category-aktuelt"],"_links":{"self":[{"href":"https:\/\/bergen.katolsk.no\/index.php?rest_route=\/wp\/v2\/posts\/1069","targetHints":{"allow":["GET"]}}],"collection":[{"href":"https:\/\/bergen.katolsk.no\/index.php?rest_route=\/wp\/v2\/posts"}],"about":[{"href":"https:\/\/bergen.katolsk.no\/index.php?rest_route=\/wp\/v2\/types\/post"}],"author":[{"embeddable":true,"href":"https:\/\/bergen.katolsk.no\/index.php?rest_route=\/wp\/v2\/users\/3"}],"replies":[{"embeddable":true,"href":"https:\/\/bergen.katolsk.no\/index.php?rest_route=%2Fwp%2Fv2%2Fcomments&post=1069"}],"version-history":[{"count":3,"href":"https:\/\/bergen.katolsk.no\/index.php?rest_route=\/wp\/v2\/posts\/1069\/revisions"}],"predecessor-version":[{"id":1079,"href":"https:\/\/bergen.katolsk.no\/index.php?rest_route=\/wp\/v2\/posts\/1069\/revisions\/1079"}],"wp:attachment":[{"href":"https:\/\/bergen.katolsk.no\/index.php?rest_route=%2Fwp%2Fv2%2Fmedia&parent=1069"}],"wp:term":[{"taxonomy":"category","embeddable":true,"href":"https:\/\/bergen.katolsk.no\/index.php?rest_route=%2Fwp%2Fv2%2Fcategories&post=1069"},{"taxonomy":"post_tag","embeddable":true,"href":"https:\/\/bergen.katolsk.no\/index.php?rest_route=%2Fwp%2Fv2%2Ftags&post=1069"}],"curies":[{"name":"wp","href":"https:\/\/api.w.org\/{rel}","templated":true}]}}