{"id":1072,"date":"2015-03-06T06:51:16","date_gmt":"2015-03-06T06:51:16","guid":{"rendered":"http:\/\/bergen.katolsk.no\/?p=1072"},"modified":"2015-03-06T06:51:16","modified_gmt":"2015-03-06T06:51:16","slug":"modlitwa-w-intencji-ksiedza-biskupa","status":"publish","type":"post","link":"https:\/\/bergen.katolsk.no\/?p=1072","title":{"rendered":"Modlitwa w intencji Ksi\u0119dza Biskupa"},"content":{"rendered":"<p>Panie Jezu, Ty zechcia\u0142e\u015b zbudowa\u0107 Tw\u00f3j Ko\u015bci\u00f3\u0142 na ziemi, dlatego pos\u0142a\u0142e\u015b \u015awi\u0119tych Aposto\u0142\u00f3w, aby nauczali i chrzcili wszystkie narody oraz prowadzili je na drodze do Zbawienia. Dzi\u0119kujemy Ci za \u0142ask\u0119 wiary, kt\u00f3r\u0105 otrzymali\u015bmy za ich po\u015brednictwem i prosimy Ci\u0119:obdarz \u0142ask\u0105 naszego pasterza, ksi\u0119dza biskupa, kt\u00f3ry pe\u0142ni apostolsk\u0105 misj\u0119 w\u015br\u00f3d nas.<\/p>\n<p>Wybra\u0142e\u015b go spo\u015br\u00f3d Twego ludu i ustanowi\u0142e\u015b biskupem, aby opiekowa\u0142 si\u0119 i kierowa\u0142 t\u0105 trzod\u0105, kt\u00f3r\u0105 Duch Swi\u0119ty mu wyznaczy\u0142. Wspom\u00f3\u017c go Panie, aby by\u0142 dobrym pasterzem, kt\u00f3ry troszczy si\u0119 o sw\u0105 trzod\u0119, pilnuje i przewodzi jej ze \u015bwiet\u0105 moc\u0105, m\u0105dro\u015bci\u0105 w mi\u0142o\u015bci.<\/p>\n<p>Umocnij go i jego urz\u0105d, oraz b\u0142ogos\u0142aw mu pe\u0142ni\u0105 Twych \u0142ask. Wzmacniaj w nim ka\u017cdego dnia moc Ducha \u015awi\u0119tego, kt\u00f3r\u0105 otrzyma\u0142 podczas \u015bwi\u0119ce\u0144 jako nast\u0119pca aposto\u0142\u00f3w. Spraw, by mi\u0142o\u015b\u0107 p\u0142yn\u0105ca z Twego serca panowa\u0142a w nim i by m\u0105dro\u015b\u0107 Ducha \u015awi\u0119tego kierowa\u0142a jego post\u0119powaniem tak, aby jego s\u0142owa oraz czyny wyda\u0142y bogate owoce duchowe i pomog\u0142y budowa\u0107 Twe kr\u00f3lestwo w naszym kraju.<\/p>\n<p>Prosimy Ci\u0119 Panie, kt\u00f3ry jeste\u015b mi\u0142osierny, daj mu, jego wsp\u00f3\u0142pracownikom i nam wszystkim wci\u0105\u017c wi\u0119ksz\u0105 pewno\u015b\u0107 Twojej mi\u0142o\u015bci i opieki tak, aby\u015bmy razem mogli podo\u0142a\u0107 wszystkim trudno\u015bciom. Panie Bo\u017ce, nape\u0142nij nasze serca cierpliwo\u015bci\u0105 i uczuciem pojednania. Nie pozw\u00f3l, aby trudno\u015bci i zw\u0105tpienie odwiod\u0142y nas od Ciebie, kt\u00f3ry przez Tw\u00f3j Krzy\u017c i Zmartwychwstanie prowadzisz nas wszystkich w Twoim \u015awietle,Twym pokoju i rado\u015bci.<\/p>\n<p>O to prosimy Cie Panie, przez Chrystusa Pana naszego. Amen.<\/p>\n<p><em>Pod Twoj\u0105 obron\u0119 uciekamy si\u0119, \u015bwi\u0119ta Bo\u017ca Rodzicielko,naszymi pro\u015bbami racz nie gardzi\u0107 w potrzebach naszych,ale od wszelakich z\u0142ych przyg\u00f3d racz nas zawsze wybawia\u0107,<\/em><\/p>\n<p><em>Panno chwalebna i b\u0142ogos\u0142awiona. O Pani nasza, Or\u0119downiczko nasza, Po\u015bredniczko nasza, Pocieszycielko nasza.Z Synem swoim nas pojednaj, Synowi swojemu nas polecaj, swojemu Synowi nas oddawaj.<\/em><\/p>\n<p><em>Amen.<\/em><\/p>\n<p><em>\u00a0<\/em><\/p>\n","protected":false},"excerpt":{"rendered":"<p>Panie Jezu, Ty zechcia\u0142e\u015b zbudowa\u0107 Tw\u00f3j Ko\u015bci\u00f3\u0142 na ziemi, dlatego pos\u0142a\u0142e\u015b \u015awi\u0119tych Aposto\u0142\u00f3w, aby nauczali i chrzcili wszystkie narody oraz<\/p>\n","protected":false},"author":3,"featured_media":0,"comment_status":"closed","ping_status":"closed","sticky":false,"template":"","format":"standard","meta":{"colormag_page_container_layout":"default_layout","colormag_page_sidebar_layout":"default_layout","_exactmetrics_skip_tracking":false,"_exactmetrics_sitenote_active":false,"_exactmetrics_sitenote_note":"","_exactmetrics_sitenote_category":0,"footnotes":""},"categories":[5],"tags":[],"class_list":["post-1072","post","type-post","status-publish","format-standard","hentry","category-polski"],"_links":{"self":[{"href":"https:\/\/bergen.katolsk.no\/index.php?rest_route=\/wp\/v2\/posts\/1072","targetHints":{"allow":["GET"]}}],"collection":[{"href":"https:\/\/bergen.katolsk.no\/index.php?rest_route=\/wp\/v2\/posts"}],"about":[{"href":"https:\/\/bergen.katolsk.no\/index.php?rest_route=\/wp\/v2\/types\/post"}],"author":[{"embeddable":true,"href":"https:\/\/bergen.katolsk.no\/index.php?rest_route=\/wp\/v2\/users\/3"}],"replies":[{"embeddable":true,"href":"https:\/\/bergen.katolsk.no\/index.php?rest_route=%2Fwp%2Fv2%2Fcomments&post=1072"}],"version-history":[{"count":1,"href":"https:\/\/bergen.katolsk.no\/index.php?rest_route=\/wp\/v2\/posts\/1072\/revisions"}],"predecessor-version":[{"id":1073,"href":"https:\/\/bergen.katolsk.no\/index.php?rest_route=\/wp\/v2\/posts\/1072\/revisions\/1073"}],"wp:attachment":[{"href":"https:\/\/bergen.katolsk.no\/index.php?rest_route=%2Fwp%2Fv2%2Fmedia&parent=1072"}],"wp:term":[{"taxonomy":"category","embeddable":true,"href":"https:\/\/bergen.katolsk.no\/index.php?rest_route=%2Fwp%2Fv2%2Fcategories&post=1072"},{"taxonomy":"post_tag","embeddable":true,"href":"https:\/\/bergen.katolsk.no\/index.php?rest_route=%2Fwp%2Fv2%2Ftags&post=1072"}],"curies":[{"name":"wp","href":"https:\/\/api.w.org\/{rel}","templated":true}]}}