{"id":11003,"date":"2019-04-27T13:05:05","date_gmt":"2019-04-27T13:05:05","guid":{"rendered":"http:\/\/bergen.katolsk.no\/?p=11003"},"modified":"2019-04-28T13:04:57","modified_gmt":"2019-04-28T13:04:57","slug":"rekviemmesse-i-st-johannes-kirke-fredag-26-april","status":"publish","type":"post","link":"https:\/\/bergen.katolsk.no\/?p=11003","title":{"rendered":"Rekviemmesse i St. Johannes kirke fredag 26. april"},"content":{"rendered":"\n<figure class=\"wp-block-image\"><img loading=\"lazy\" decoding=\"async\" width=\"200\" height=\"370\" src=\"https:\/\/bergen.katolsk.no\/wp-content\/uploads\/2019\/04\/200px-Bredtvedt_churchtower_2.jpg\" alt=\"\" class=\"wp-image-11004\" srcset=\"https:\/\/bergen.katolsk.no\/wp-content\/uploads\/2019\/04\/200px-Bredtvedt_churchtower_2.jpg 200w, https:\/\/bergen.katolsk.no\/wp-content\/uploads\/2019\/04\/200px-Bredtvedt_churchtower_2-162x300.jpg 162w\" sizes=\"auto, (max-width: 200px) 100vw, 200px\" \/><\/figure>\n\n\n\n<p>Kong Harald, statsminister Erna Solberg, preses i Den norske kirke Helga Byfuglien samt en rekke ledere fra flere trossamfunn deltok i g\u00e5rsdagens rekviemmesse for ofrene p\u00e5 Sri Lanka i  St. Johannes kirke p\u00e5 Bredtvedt i Oslo.<\/p>\n\n\n\n<p> Under rekviemmessen sa Biskop Eidsvig :                                   <\/p>\n\n\n\n<p><strong>&#8220;Som kristne tror vi p\u00e5 livets seier<\/strong> over d\u00f8den; vi tror p\u00e5 de d\u00f8des oppstandelse til det evige liv. Vi ber i h\u00e5pet om at terrorens ofre n\u00e5 feirer sitt nye liv for Guds \u00e5syn. Vi ber i h\u00e5pet om at voldsmenn og fanatikere m\u00e5 omvende seg fra sin ondskap. Vi ber for Sri Lankas hardt pr\u00f8vede folk at de \u2013 og vi og alle mennesker \u2013 m\u00e5 v\u00e6re trygge n\u00e5r vi ber. Dette bisped\u00f8mmet vil st\u00f8tte det norske Caritas\u2019 viktige fredsarbeide p\u00e5 Sri Lanka med b\u00f8nn og \u00f8konomiske midler. &#8221; les <a href=\"http:\/\/www.katolsk.no\/nyheter\/2019\/04\/biskop-eidsvig-pa-rekviemmessen-2013-vi-ber-i-hapet-om-at-terrorens-ofre-na-feirer-sitt-nye-liv-for-guds-asyn\">mer<\/a><\/p>\n\n\n\n<p> Mens P. Bharath Villavarayen sa i sin preken p\u00e5 engelsk; <\/p>\n\n\n\n<p><strong>&#8220;It is at this very moment,<\/strong> we Christians turn to our Lord. Specially as we celebrate Easter we turn to our Risen Lord. As we heard in the Gospel of the day, the disciples were behind closed doors for fear of their lives. The Risen Lord Jesus appears to his disciples and his only greeting is \u201cpeace be with you\u201d. This greeting of Jesus would have disturbed his disciples. Because the one who was to succeed him, denied him. Another betrayed him. And almost all of them abandoned him when he needed them most. But with all these, Jesus greets them: <em>shalom!<\/em> turn to the wounded Jesus. Let his wounds heals us and give us the grace that we continue to forgive.&#8221; Les hele prekenen <a href=\"http:\/\/www.katolsk.no\/nyheter\/2019\/04\/p-bharath-villavarayen-i-prekenen-2013-se-til-den-sarede-jesus\">her<\/a><\/p>\n\n\n\n<p>Statminister Erna Solberg talte ogs\u00e5 i Bredtvedt kirke. Les talen <a href=\"http:\/\/www.katolsk.no\/nyheter\/2019\/04\/erna-solberg-under-rekviemmessen-2013-hele-sri-lanka-er-na-i-sorg-og-vi-sorger-med-dem\">her<\/a><\/p>\n\n\n\n<p><\/p>\n","protected":false},"excerpt":{"rendered":"<p>Kong Harald, statsminister Erna Solberg, preses i Den norske kirke Helga Byfuglien samt en rekke ledere fra flere trossamfunn deltok<\/p>\n","protected":false},"author":3,"featured_media":0,"comment_status":"closed","ping_status":"closed","sticky":false,"template":"","format":"standard","meta":{"colormag_page_container_layout":"default_layout","colormag_page_sidebar_layout":"default_layout","_exactmetrics_skip_tracking":false,"_exactmetrics_sitenote_active":false,"_exactmetrics_sitenote_note":"","_exactmetrics_sitenote_category":0,"footnotes":""},"categories":[1],"tags":[],"class_list":["post-11003","post","type-post","status-publish","format-standard","hentry","category-aktuelt"],"_links":{"self":[{"href":"https:\/\/bergen.katolsk.no\/index.php?rest_route=\/wp\/v2\/posts\/11003","targetHints":{"allow":["GET"]}}],"collection":[{"href":"https:\/\/bergen.katolsk.no\/index.php?rest_route=\/wp\/v2\/posts"}],"about":[{"href":"https:\/\/bergen.katolsk.no\/index.php?rest_route=\/wp\/v2\/types\/post"}],"author":[{"embeddable":true,"href":"https:\/\/bergen.katolsk.no\/index.php?rest_route=\/wp\/v2\/users\/3"}],"replies":[{"embeddable":true,"href":"https:\/\/bergen.katolsk.no\/index.php?rest_route=%2Fwp%2Fv2%2Fcomments&post=11003"}],"version-history":[{"count":2,"href":"https:\/\/bergen.katolsk.no\/index.php?rest_route=\/wp\/v2\/posts\/11003\/revisions"}],"predecessor-version":[{"id":11016,"href":"https:\/\/bergen.katolsk.no\/index.php?rest_route=\/wp\/v2\/posts\/11003\/revisions\/11016"}],"wp:attachment":[{"href":"https:\/\/bergen.katolsk.no\/index.php?rest_route=%2Fwp%2Fv2%2Fmedia&parent=11003"}],"wp:term":[{"taxonomy":"category","embeddable":true,"href":"https:\/\/bergen.katolsk.no\/index.php?rest_route=%2Fwp%2Fv2%2Fcategories&post=11003"},{"taxonomy":"post_tag","embeddable":true,"href":"https:\/\/bergen.katolsk.no\/index.php?rest_route=%2Fwp%2Fv2%2Ftags&post=11003"}],"curies":[{"name":"wp","href":"https:\/\/api.w.org\/{rel}","templated":true}]}}