{"id":11236,"date":"2019-05-17T11:36:17","date_gmt":"2019-05-17T11:36:17","guid":{"rendered":"http:\/\/bergen.katolsk.no\/?p=11236"},"modified":"2019-05-17T11:36:18","modified_gmt":"2019-05-17T11:36:18","slug":"ogloszenia-parafialne-niedziela-19-maja-2019","status":"publish","type":"post","link":"https:\/\/bergen.katolsk.no\/?p=11236","title":{"rendered":"OG\u0141OSZENIA PARAFIALNE niedziela 19 maja 2019"},"content":{"rendered":"\n<p>W\nponiedzia\u0142ek 20 maja o godz 18.00 Msza \u015awi\u0119ta \u017ca\u0142obna (requiem) za ofiary na\nSri Lance. Liturgia po norwesku i \u0142acinie&nbsp; \u2013 dla wszystkich parafian.<\/p>\n\n\n\n<p>Zapraszamy\nna Procesj\u0119 Maryjn\u0105 na Marias Minde w sobot\u0119 25 maja. Procesja zaczyna si\u0119 o\ngodz 12.00, nastepnie Msza \u015awi\u0119ta a potem piknik.<\/p>\n\n\n\n<p>Zapisy na nauki do Bierzmowania \/ przyj\u0119cie Sakramaentu w roku 2021 &#8211; w niedziel\u0119 26 maja po Sumie o godz11.00 , w Audytorium Szko\u0142y \u015aw. Paw\u0142a.<\/p>\n\n\n\n<p>Rada Parafialna planuje zorganizowanie we wrze\u015bniu seminarium\npo\u015bwi\u0119conego przysz\u0142o\u015bci parafii &#8211; jak\u0105 mamy wizj\u0119 parafii&nbsp; &#8211; St. Paula menighet, &nbsp;za 15 &#8211; 20 lat. Do najwi\u0119kszych grup etnicznych\nw parafii rozes\u0142ana zosta\u0142a ankieta. &nbsp;Jednocze\u015bnie zapraszamy wszystkich parafian,\nkt\u00f3rzy chcieliby si\u0119 wypowiedzie\u0107 w tej sprawie do odpowied\u017a na pytania w elektronicznym\nkwestionariuszu zamieszczonym na stronie parafii&nbsp; http:\/\/bergen.katolsk.no\/ &nbsp;&#8211; \u201eMenighetens fremtid\u201d. Prosimy o nadsy\u0142anie\nodpowiedzi do 30 czerwca. Pytania sa po norwesku, ale mo\u017cna odpowiada\u0107 tak\u017ce w\nj\u0119zyku polskim.<\/p>\n\n\n\n<p>Po Sumie o godz 11ej zapraszamy na kaw\u0119 do Krypty.<\/p>\n","protected":false},"excerpt":{"rendered":"<p>W poniedzia\u0142ek 20 maja o godz 18.00 Msza \u015awi\u0119ta \u017ca\u0142obna (requiem) za ofiary na Sri Lance. Liturgia po norwesku i<\/p>\n","protected":false},"author":3,"featured_media":0,"comment_status":"closed","ping_status":"closed","sticky":false,"template":"","format":"standard","meta":{"colormag_page_container_layout":"default_layout","colormag_page_sidebar_layout":"default_layout","_exactmetrics_skip_tracking":false,"_exactmetrics_sitenote_active":false,"_exactmetrics_sitenote_note":"","_exactmetrics_sitenote_category":0,"footnotes":""},"categories":[5],"tags":[],"class_list":["post-11236","post","type-post","status-publish","format-standard","hentry","category-polski"],"_links":{"self":[{"href":"https:\/\/bergen.katolsk.no\/index.php?rest_route=\/wp\/v2\/posts\/11236","targetHints":{"allow":["GET"]}}],"collection":[{"href":"https:\/\/bergen.katolsk.no\/index.php?rest_route=\/wp\/v2\/posts"}],"about":[{"href":"https:\/\/bergen.katolsk.no\/index.php?rest_route=\/wp\/v2\/types\/post"}],"author":[{"embeddable":true,"href":"https:\/\/bergen.katolsk.no\/index.php?rest_route=\/wp\/v2\/users\/3"}],"replies":[{"embeddable":true,"href":"https:\/\/bergen.katolsk.no\/index.php?rest_route=%2Fwp%2Fv2%2Fcomments&post=11236"}],"version-history":[{"count":1,"href":"https:\/\/bergen.katolsk.no\/index.php?rest_route=\/wp\/v2\/posts\/11236\/revisions"}],"predecessor-version":[{"id":11237,"href":"https:\/\/bergen.katolsk.no\/index.php?rest_route=\/wp\/v2\/posts\/11236\/revisions\/11237"}],"wp:attachment":[{"href":"https:\/\/bergen.katolsk.no\/index.php?rest_route=%2Fwp%2Fv2%2Fmedia&parent=11236"}],"wp:term":[{"taxonomy":"category","embeddable":true,"href":"https:\/\/bergen.katolsk.no\/index.php?rest_route=%2Fwp%2Fv2%2Fcategories&post=11236"},{"taxonomy":"post_tag","embeddable":true,"href":"https:\/\/bergen.katolsk.no\/index.php?rest_route=%2Fwp%2Fv2%2Ftags&post=11236"}],"curies":[{"name":"wp","href":"https:\/\/api.w.org\/{rel}","templated":true}]}}