{"id":11358,"date":"2019-06-01T01:36:44","date_gmt":"2019-06-01T01:36:44","guid":{"rendered":"http:\/\/bergen.katolsk.no\/?p=11358"},"modified":"2019-05-31T20:38:22","modified_gmt":"2019-05-31T20:38:22","slug":"ogloszenia-parafialne-niedziela-2-czerwca-2019","status":"publish","type":"post","link":"https:\/\/bergen.katolsk.no\/?p=11358","title":{"rendered":"OG\u0141OSZENIA PARAFIALNE niedziela 2 czerwca 2019"},"content":{"rendered":"\n<ul class=\"wp-block-list\"><li>W poniedzia\u0142ek 10 czerwca \u2013 drugi dzie\u0144 \u015bwi\u0105t Zes\u0142ania Ducha \u015awi\u0119tego &#8211; &nbsp;zapraszamy o godz 12.00 na nabo\u017ce\u0144stwo ekumeniczne na \u201eKirketomten\u201d za H\u00e5konshallen.<\/li><li> Siotry Matki Teresy Mor zaprazaja na Dzie\u0144 Pomocnik\u00f3w i wsp\u00f3\u0142pracownik\u00f3w Matki Teresy. Marias Minde sobota 15 czerwca Msza \u015awi\u0119ta o godz 10.00, wyk\u0142ady, film, lunch, Na zako\u0144czenie Adoracja o godz 16.000  <\/li><\/ul>\n\n\n\n<ul class=\"wp-block-list\"><li>Przypominamy o procesji Bo\u017cego Cia\u0142a w niedziel\u0119 16 czerwca. Msza \u017bwi\u0119ta o godz 14.30 po polsku w St. Paul a po norwesku w Johanneskirke. Wsp\u00f3lna procesja, pierwszy o\u0142tarz jak zwykle na placu przez Muzeum.<\/li><\/ul>\n\n\n\n<ul class=\"wp-block-list\"><li>Rada Parafialna planuje zorganizowanie we wrze\u015bniu seminarium po\u015bwi\u0119conego przysz\u0142o\u015bci parafii \u2013 jak\u0105 mamy wizj\u0119 parafii&nbsp; \u2013 St. Paula menighet, &nbsp;za 15 \u2013 20 lat. Do najwi\u0119kszych grup etnicznych w parafii rozes\u0142ana zosta\u0142a ankieta. &nbsp;Jednocze\u015bnie zapraszamy wszystkich parafian, kt\u00f3rzy chcieliby si\u0119 wypowiedzie\u0107 w tej sprawie do odpowied\u017a na pytania w elektronicznym kwestionariuszu zamieszczonym na stronie parafii&nbsp; http:\/\/bergen.katolsk.no\/ &nbsp;\u2013 \u201eMenighetens fremtid\u201d. Prosimy o nadsy\u0142anie odpowiedzi do 30 czerwca. Pytania sa po norwesku, ale mo\u017cna odpowiada\u0107 tak\u017ce w j\u0119zyku polskim.Po Sumie o godz 11ej zapraszamy na kaw\u0119 do Krypty.<\/li><\/ul>\n","protected":false},"excerpt":{"rendered":"<p>W poniedzia\u0142ek 10 czerwca \u2013 drugi dzie\u0144 \u015bwi\u0105t Zes\u0142ania Ducha \u015awi\u0119tego &#8211; &nbsp;zapraszamy o godz 12.00 na nabo\u017ce\u0144stwo ekumeniczne na<\/p>\n","protected":false},"author":3,"featured_media":0,"comment_status":"closed","ping_status":"closed","sticky":false,"template":"","format":"standard","meta":{"colormag_page_container_layout":"default_layout","colormag_page_sidebar_layout":"default_layout","_exactmetrics_skip_tracking":false,"_exactmetrics_sitenote_active":false,"_exactmetrics_sitenote_note":"","_exactmetrics_sitenote_category":0,"footnotes":""},"categories":[5],"tags":[],"class_list":["post-11358","post","type-post","status-publish","format-standard","hentry","category-polski"],"_links":{"self":[{"href":"https:\/\/bergen.katolsk.no\/index.php?rest_route=\/wp\/v2\/posts\/11358","targetHints":{"allow":["GET"]}}],"collection":[{"href":"https:\/\/bergen.katolsk.no\/index.php?rest_route=\/wp\/v2\/posts"}],"about":[{"href":"https:\/\/bergen.katolsk.no\/index.php?rest_route=\/wp\/v2\/types\/post"}],"author":[{"embeddable":true,"href":"https:\/\/bergen.katolsk.no\/index.php?rest_route=\/wp\/v2\/users\/3"}],"replies":[{"embeddable":true,"href":"https:\/\/bergen.katolsk.no\/index.php?rest_route=%2Fwp%2Fv2%2Fcomments&post=11358"}],"version-history":[{"count":5,"href":"https:\/\/bergen.katolsk.no\/index.php?rest_route=\/wp\/v2\/posts\/11358\/revisions"}],"predecessor-version":[{"id":11374,"href":"https:\/\/bergen.katolsk.no\/index.php?rest_route=\/wp\/v2\/posts\/11358\/revisions\/11374"}],"wp:attachment":[{"href":"https:\/\/bergen.katolsk.no\/index.php?rest_route=%2Fwp%2Fv2%2Fmedia&parent=11358"}],"wp:term":[{"taxonomy":"category","embeddable":true,"href":"https:\/\/bergen.katolsk.no\/index.php?rest_route=%2Fwp%2Fv2%2Fcategories&post=11358"},{"taxonomy":"post_tag","embeddable":true,"href":"https:\/\/bergen.katolsk.no\/index.php?rest_route=%2Fwp%2Fv2%2Ftags&post=11358"}],"curies":[{"name":"wp","href":"https:\/\/api.w.org\/{rel}","templated":true}]}}