{"id":11376,"date":"2019-06-01T15:34:38","date_gmt":"2019-06-01T15:34:38","guid":{"rendered":"http:\/\/bergen.katolsk.no\/?p=11376"},"modified":"2019-06-01T15:36:16","modified_gmt":"2019-06-01T15:36:16","slug":"prosesjon-pa-marias-minde-2","status":"publish","type":"post","link":"https:\/\/bergen.katolsk.no\/?p=11376","title":{"rendered":"Prosesjon p\u00e5 Marias Minde"},"content":{"rendered":"\n<div class=\"wp-block-image\"><figure class=\"alignleft is-resized\"><img loading=\"lazy\" decoding=\"async\" src=\"http:\/\/bergen.katolsk.no\/wp-content\/uploads\/2019\/06\/tn_DSC_3210-2.jpg\" alt=\"\" class=\"wp-image-11378\" width=\"400\" height=\"500\"\/><\/figure><\/div>\n\n\n\n<p>L\u00f8rdag 25. mai var det prosesjon og messe p\u00e5 Marias Minde i regi av vietnamesisk gruppe. Prosesjonen gikk fra plassen foran hovedinngangen og rundt hele omr\u00e5det til klosteret med rosenkransb\u00f8nn og sang p\u00e5 norsk og vietnamesisk.   <\/p>\n\n\n\n<p>To danser dannet overgangen mellom prosesjonen og messen som ble avsluttet med en innvielse til jomfru Maria.<\/p>\n\n\n\n<p>Etter messen ble det servert grillmat. V\u00e6ret hadde v\u00e6rt litt surt og kaldt, s\u00e5 da regnet begynte \u00e5 komme akkurat da messen var avsluttet var det mange som valgte \u00e5 trekke inn i spisesalen med maten.<\/p>\n\n\n\n<figure class=\"wp-block-image\"><img loading=\"lazy\" decoding=\"async\" width=\"1000\" height=\"667\" src=\"http:\/\/bergen.katolsk.no\/wp-content\/uploads\/2019\/06\/tn_DSC_2873.jpg\" alt=\"\" class=\"wp-image-11385\" srcset=\"https:\/\/bergen.katolsk.no\/wp-content\/uploads\/2019\/06\/tn_DSC_2873.jpg 1000w, https:\/\/bergen.katolsk.no\/wp-content\/uploads\/2019\/06\/tn_DSC_2873-300x200.jpg 300w, https:\/\/bergen.katolsk.no\/wp-content\/uploads\/2019\/06\/tn_DSC_2873-768x512.jpg 768w, https:\/\/bergen.katolsk.no\/wp-content\/uploads\/2019\/06\/tn_DSC_2873-956x638.jpg 956w\" sizes=\"auto, (max-width: 1000px) 100vw, 1000px\" \/><figcaption>P\u00e5 vei opp bakken ved kirken<\/figcaption><\/figure>\n\n\n\n<figure class=\"wp-block-image\"><img loading=\"lazy\" decoding=\"async\" width=\"1000\" height=\"667\" src=\"http:\/\/bergen.katolsk.no\/wp-content\/uploads\/2019\/06\/tn_DSC_2917.jpg\" alt=\"\" class=\"wp-image-11386\" srcset=\"https:\/\/bergen.katolsk.no\/wp-content\/uploads\/2019\/06\/tn_DSC_2917.jpg 1000w, https:\/\/bergen.katolsk.no\/wp-content\/uploads\/2019\/06\/tn_DSC_2917-300x200.jpg 300w, https:\/\/bergen.katolsk.no\/wp-content\/uploads\/2019\/06\/tn_DSC_2917-768x512.jpg 768w, https:\/\/bergen.katolsk.no\/wp-content\/uploads\/2019\/06\/tn_DSC_2917-956x638.jpg 956w\" sizes=\"auto, (max-width: 1000px) 100vw, 1000px\" \/><\/figure>\n\n\n\n<figure class=\"wp-block-image\"><img loading=\"lazy\" decoding=\"async\" width=\"1000\" height=\"667\" src=\"http:\/\/bergen.katolsk.no\/wp-content\/uploads\/2019\/06\/tn_DSC_2950.jpg\" alt=\"\" class=\"wp-image-11387\" srcset=\"https:\/\/bergen.katolsk.no\/wp-content\/uploads\/2019\/06\/tn_DSC_2950.jpg 1000w, https:\/\/bergen.katolsk.no\/wp-content\/uploads\/2019\/06\/tn_DSC_2950-300x200.jpg 300w, https:\/\/bergen.katolsk.no\/wp-content\/uploads\/2019\/06\/tn_DSC_2950-768x512.jpg 768w, https:\/\/bergen.katolsk.no\/wp-content\/uploads\/2019\/06\/tn_DSC_2950-956x638.jpg 956w\" sizes=\"auto, (max-width: 1000px) 100vw, 1000px\" \/><\/figure>\n\n\n\n<figure class=\"wp-block-image\"><img loading=\"lazy\" decoding=\"async\" width=\"1000\" height=\"750\" src=\"http:\/\/bergen.katolsk.no\/wp-content\/uploads\/2019\/06\/tn_20190525_124547.jpg\" alt=\"\" class=\"wp-image-11382\" srcset=\"https:\/\/bergen.katolsk.no\/wp-content\/uploads\/2019\/06\/tn_20190525_124547.jpg 1000w, https:\/\/bergen.katolsk.no\/wp-content\/uploads\/2019\/06\/tn_20190525_124547-300x225.jpg 300w, https:\/\/bergen.katolsk.no\/wp-content\/uploads\/2019\/06\/tn_20190525_124547-768x576.jpg 768w, https:\/\/bergen.katolsk.no\/wp-content\/uploads\/2019\/06\/tn_20190525_124547-956x717.jpg 956w\" sizes=\"auto, (max-width: 1000px) 100vw, 1000px\" \/><\/figure>\n\n\n\n<figure class=\"wp-block-image\"><img loading=\"lazy\" decoding=\"async\" width=\"1000\" height=\"750\" src=\"http:\/\/bergen.katolsk.no\/wp-content\/uploads\/2019\/06\/tn_20190525_124940-2.jpg\" alt=\"\" class=\"wp-image-11383\" srcset=\"https:\/\/bergen.katolsk.no\/wp-content\/uploads\/2019\/06\/tn_20190525_124940-2.jpg 1000w, https:\/\/bergen.katolsk.no\/wp-content\/uploads\/2019\/06\/tn_20190525_124940-2-300x225.jpg 300w, https:\/\/bergen.katolsk.no\/wp-content\/uploads\/2019\/06\/tn_20190525_124940-2-768x576.jpg 768w, https:\/\/bergen.katolsk.no\/wp-content\/uploads\/2019\/06\/tn_20190525_124940-2-956x717.jpg 956w\" sizes=\"auto, (max-width: 1000px) 100vw, 1000px\" \/><\/figure>\n\n\n\n<figure class=\"wp-block-image\"><img loading=\"lazy\" decoding=\"async\" width=\"1000\" height=\"667\" src=\"http:\/\/bergen.katolsk.no\/wp-content\/uploads\/2019\/06\/tn_DSC_3080.jpg\" alt=\"\" class=\"wp-image-11377\" srcset=\"https:\/\/bergen.katolsk.no\/wp-content\/uploads\/2019\/06\/tn_DSC_3080.jpg 1000w, https:\/\/bergen.katolsk.no\/wp-content\/uploads\/2019\/06\/tn_DSC_3080-300x200.jpg 300w, https:\/\/bergen.katolsk.no\/wp-content\/uploads\/2019\/06\/tn_DSC_3080-768x512.jpg 768w, https:\/\/bergen.katolsk.no\/wp-content\/uploads\/2019\/06\/tn_DSC_3080-956x638.jpg 956w\" sizes=\"auto, (max-width: 1000px) 100vw, 1000px\" \/><figcaption>Det ble satt ned blomster foran Maria<\/figcaption><\/figure>\n\n\n\n<figure class=\"wp-block-image\"><img loading=\"lazy\" decoding=\"async\" width=\"1000\" height=\"667\" src=\"http:\/\/bergen.katolsk.no\/wp-content\/uploads\/2019\/06\/tn_DSC_3230.jpg\" alt=\"\" class=\"wp-image-11379\" srcset=\"https:\/\/bergen.katolsk.no\/wp-content\/uploads\/2019\/06\/tn_DSC_3230.jpg 1000w, https:\/\/bergen.katolsk.no\/wp-content\/uploads\/2019\/06\/tn_DSC_3230-300x200.jpg 300w, https:\/\/bergen.katolsk.no\/wp-content\/uploads\/2019\/06\/tn_DSC_3230-768x512.jpg 768w, https:\/\/bergen.katolsk.no\/wp-content\/uploads\/2019\/06\/tn_DSC_3230-956x638.jpg 956w\" sizes=\"auto, (max-width: 1000px) 100vw, 1000px\" \/><\/figure>\n\n\n\n<figure class=\"wp-block-image\"><img loading=\"lazy\" decoding=\"async\" width=\"1000\" height=\"667\" src=\"http:\/\/bergen.katolsk.no\/wp-content\/uploads\/2019\/06\/tn_DSC_3282.jpg\" alt=\"\" class=\"wp-image-11380\" srcset=\"https:\/\/bergen.katolsk.no\/wp-content\/uploads\/2019\/06\/tn_DSC_3282.jpg 1000w, https:\/\/bergen.katolsk.no\/wp-content\/uploads\/2019\/06\/tn_DSC_3282-300x200.jpg 300w, https:\/\/bergen.katolsk.no\/wp-content\/uploads\/2019\/06\/tn_DSC_3282-768x512.jpg 768w, https:\/\/bergen.katolsk.no\/wp-content\/uploads\/2019\/06\/tn_DSC_3282-956x638.jpg 956w\" sizes=\"auto, (max-width: 1000px) 100vw, 1000px\" \/><figcaption>Flott sang av koret<\/figcaption><\/figure>\n\n\n\n<figure class=\"wp-block-image\"><img loading=\"lazy\" decoding=\"async\" width=\"1000\" height=\"667\" src=\"http:\/\/bergen.katolsk.no\/wp-content\/uploads\/2019\/06\/tn_DSC_3414.jpg\" alt=\"\" class=\"wp-image-11381\" srcset=\"https:\/\/bergen.katolsk.no\/wp-content\/uploads\/2019\/06\/tn_DSC_3414.jpg 1000w, https:\/\/bergen.katolsk.no\/wp-content\/uploads\/2019\/06\/tn_DSC_3414-300x200.jpg 300w, https:\/\/bergen.katolsk.no\/wp-content\/uploads\/2019\/06\/tn_DSC_3414-768x512.jpg 768w, https:\/\/bergen.katolsk.no\/wp-content\/uploads\/2019\/06\/tn_DSC_3414-956x638.jpg 956w\" sizes=\"auto, (max-width: 1000px) 100vw, 1000px\" \/><figcaption>Mange av de som var med<\/figcaption><\/figure>\n\n\n\n<p>Til slutt et lite klipp fra en av dansene:<\/p>\n\n\n\n<iframe loading=\"lazy\" width=\"560\" height=\"315\" src=\"https:\/\/www.youtube.com\/embed\/OLxHLQzaCGY\" frameborder=\"0\" allow=\"accelerometer; autoplay; encrypted-media; gyroscope; picture-in-picture\" allowfullscreen=\"\"><\/iframe>\n","protected":false},"excerpt":{"rendered":"<p>L\u00f8rdag 25. mai var det prosesjon og messe p\u00e5 Marias Minde i regi av vietnamesisk gruppe. Prosesjonen gikk fra plassen<\/p>\n","protected":false},"author":6,"featured_media":0,"comment_status":"closed","ping_status":"closed","sticky":false,"template":"","format":"standard","meta":{"colormag_page_container_layout":"default_layout","colormag_page_sidebar_layout":"default_layout","_exactmetrics_skip_tracking":false,"_exactmetrics_sitenote_active":false,"_exactmetrics_sitenote_note":"","_exactmetrics_sitenote_category":0,"footnotes":""},"categories":[1],"tags":[],"class_list":["post-11376","post","type-post","status-publish","format-standard","hentry","category-aktuelt"],"_links":{"self":[{"href":"https:\/\/bergen.katolsk.no\/index.php?rest_route=\/wp\/v2\/posts\/11376","targetHints":{"allow":["GET"]}}],"collection":[{"href":"https:\/\/bergen.katolsk.no\/index.php?rest_route=\/wp\/v2\/posts"}],"about":[{"href":"https:\/\/bergen.katolsk.no\/index.php?rest_route=\/wp\/v2\/types\/post"}],"author":[{"embeddable":true,"href":"https:\/\/bergen.katolsk.no\/index.php?rest_route=\/wp\/v2\/users\/6"}],"replies":[{"embeddable":true,"href":"https:\/\/bergen.katolsk.no\/index.php?rest_route=%2Fwp%2Fv2%2Fcomments&post=11376"}],"version-history":[{"count":4,"href":"https:\/\/bergen.katolsk.no\/index.php?rest_route=\/wp\/v2\/posts\/11376\/revisions"}],"predecessor-version":[{"id":11391,"href":"https:\/\/bergen.katolsk.no\/index.php?rest_route=\/wp\/v2\/posts\/11376\/revisions\/11391"}],"wp:attachment":[{"href":"https:\/\/bergen.katolsk.no\/index.php?rest_route=%2Fwp%2Fv2%2Fmedia&parent=11376"}],"wp:term":[{"taxonomy":"category","embeddable":true,"href":"https:\/\/bergen.katolsk.no\/index.php?rest_route=%2Fwp%2Fv2%2Fcategories&post=11376"},{"taxonomy":"post_tag","embeddable":true,"href":"https:\/\/bergen.katolsk.no\/index.php?rest_route=%2Fwp%2Fv2%2Ftags&post=11376"}],"curies":[{"name":"wp","href":"https:\/\/api.w.org\/{rel}","templated":true}]}}