{"id":11403,"date":"2019-06-05T13:40:51","date_gmt":"2019-06-05T13:40:51","guid":{"rendered":"http:\/\/bergen.katolsk.no\/?p=11403"},"modified":"2019-06-05T13:44:24","modified_gmt":"2019-06-05T13:44:24","slug":"vietnamesisk-sjelesorger-melding-fra-biskopen","status":"publish","type":"post","link":"https:\/\/bergen.katolsk.no\/?p=11403","title":{"rendered":"Vietnamesisk sjeles\u00f8rger, melding fra biskopen"},"content":{"rendered":"\n<div class=\"wp-block-image\"><figure class=\"alignleft is-resized\"><img loading=\"lazy\" decoding=\"async\" src=\"http:\/\/bergen.katolsk.no\/wp-content\/uploads\/2019\/06\/Biskopens-v\u00e5penskjold.png\" alt=\"\" class=\"wp-image-11405\" width=\"288\" height=\"384\" srcset=\"https:\/\/bergen.katolsk.no\/wp-content\/uploads\/2019\/06\/Biskopens-v\u00e5penskjold.png 576w, https:\/\/bergen.katolsk.no\/wp-content\/uploads\/2019\/06\/Biskopens-v\u00e5penskjold-225x300.png 225w\" sizes=\"auto, (max-width: 288px) 100vw, 288px\" \/><\/figure><\/div>\n\n\n\n<p>Etter \u00e5 ha h\u00f8rt Konsultorkollegiet, har biskop Bernt Eidsvig fritatt p.  Bj\u00f8rn Tao Nguyen fra hans plikter som vietnamesisk sjeles\u00f8rger i St.  Paul menighet i Bergen f.o.m. den 1. september 2019. Inntil en  utnevnelse av en fastboende vietnamesisk  prest er mulig \u2013 forh\u00e5pentlig i l\u00f8pet av vinteren \u2013 vil behovet for  messer p\u00e5 vietnamesisk bli dekket av vikarer. <\/p>\n\n\n\n<p><\/p>\n\n\n\n<p>Vennlig hilsen,<\/p>\n\n\n\n<p>+Bernt I. Eidsvig, Can. Reg. <br>Biskop av Oslo <\/p>\n","protected":false},"excerpt":{"rendered":"<p>Etter \u00e5 ha h\u00f8rt Konsultorkollegiet, har biskop Bernt Eidsvig fritatt p. Bj\u00f8rn Tao Nguyen fra hans plikter som vietnamesisk sjeles\u00f8rger<\/p>\n","protected":false},"author":6,"featured_media":0,"comment_status":"closed","ping_status":"closed","sticky":false,"template":"","format":"standard","meta":{"colormag_page_container_layout":"default_layout","colormag_page_sidebar_layout":"default_layout","_exactmetrics_skip_tracking":false,"_exactmetrics_sitenote_active":false,"_exactmetrics_sitenote_note":"","_exactmetrics_sitenote_category":0,"footnotes":""},"categories":[1],"tags":[],"class_list":["post-11403","post","type-post","status-publish","format-standard","hentry","category-aktuelt"],"_links":{"self":[{"href":"https:\/\/bergen.katolsk.no\/index.php?rest_route=\/wp\/v2\/posts\/11403","targetHints":{"allow":["GET"]}}],"collection":[{"href":"https:\/\/bergen.katolsk.no\/index.php?rest_route=\/wp\/v2\/posts"}],"about":[{"href":"https:\/\/bergen.katolsk.no\/index.php?rest_route=\/wp\/v2\/types\/post"}],"author":[{"embeddable":true,"href":"https:\/\/bergen.katolsk.no\/index.php?rest_route=\/wp\/v2\/users\/6"}],"replies":[{"embeddable":true,"href":"https:\/\/bergen.katolsk.no\/index.php?rest_route=%2Fwp%2Fv2%2Fcomments&post=11403"}],"version-history":[{"count":5,"href":"https:\/\/bergen.katolsk.no\/index.php?rest_route=\/wp\/v2\/posts\/11403\/revisions"}],"predecessor-version":[{"id":11412,"href":"https:\/\/bergen.katolsk.no\/index.php?rest_route=\/wp\/v2\/posts\/11403\/revisions\/11412"}],"wp:attachment":[{"href":"https:\/\/bergen.katolsk.no\/index.php?rest_route=%2Fwp%2Fv2%2Fmedia&parent=11403"}],"wp:term":[{"taxonomy":"category","embeddable":true,"href":"https:\/\/bergen.katolsk.no\/index.php?rest_route=%2Fwp%2Fv2%2Fcategories&post=11403"},{"taxonomy":"post_tag","embeddable":true,"href":"https:\/\/bergen.katolsk.no\/index.php?rest_route=%2Fwp%2Fv2%2Ftags&post=11403"}],"curies":[{"name":"wp","href":"https:\/\/api.w.org\/{rel}","templated":true}]}}