{"id":12561,"date":"2019-11-22T15:13:26","date_gmt":"2019-11-22T15:13:26","guid":{"rendered":"http:\/\/bergen.katolsk.no\/?p=12561"},"modified":"2019-11-22T15:13:27","modified_gmt":"2019-11-22T15:13:27","slug":"ogloszenia-parafialne-niedziela-24-listopada-2019","status":"publish","type":"post","link":"https:\/\/bergen.katolsk.no\/?p=12561","title":{"rendered":"OG\u0141OSZENIA PARAFIALNE niedziela 24 listopada 2019"},"content":{"rendered":"\n<p>\u00a0 W sobot\u0119 7 grudnia w godzinach 14.30 \/ 17.30 \u00a0parafia organizuje \u00abJulemarked\u00bb (bazar przed\u015bwi\u0105teczny) na placu mi\u0119dzy ko\u015bcio\u0142em a szko\u0142\u0105 i w Krypcie. Do nabycia r\u00f3\u017cne prezenty \u015bwi\u0105teczne. Kol\u0119dy (julesang) \u00a0w kosciele, i koncert na trakce na placu! Niespodzianki dla dzieci! B\u0119dzie mo\u017cna kupi\u0107 ciep\u0142y posi\u0142ek, , ciasta \u015bwiateczne,  inne smako\u0142yki i \u201egl<em>\u00f8<\/em>gg\u201d (grzaniec\u00a0 korzenny). Doch\u00f3d \u00a0przeznaczony jest dla dla parafii i na Akcj\u0119 Adwentow\u0105.<\/p>\n\n\n\n<p>BUK &nbsp;(M\u0142odzi Katolicy w Bergen ) organizuje weekend\nz noclegiem w St. Paul skole w dniach 7 \u2013 8 grudnia w zwi\u0105zku z ropoczynaj\u0105c\u0105\nsi\u0119 Akcj\u0105 Adwentow\u0105. Broszury mo\u017cna znale\u017a\u0107 z ty\u0142u ko\u015bcio\u0142a. Zg\u0142oszenia do 1\ngrudnia.<\/p>\n\n\n\n<p>W czwartek 28 listopada\no&nbsp; goz 17.00 BUK zaprasza m\u0142odzie\u017c w\nwieku od 13 lat na wiecz\u00f3r gier w Krypcie (\u201eswitchspill\u201d, karty, gry planszowe).\nPosi\u0142ek. Na zako\u0144czenie Msza \u015awi\u0119a m\u0142odzie\u017cwa o godz 19.00<\/p>\n\n\n\n<p>W ko\u015bciele na Marias\nMinde zainstalowano nowe nag\u0142o\u015bnienie. Serdecznie dzi\u0119kujemy polskiej grupie za\ninicjatyw\u0119 i zebranie na ten cel 65.000 koron.<\/p>\n\n\n\n<p>Po Sumie o godz\n11.00 zapraszamy na kw\u0119 do Krypty<\/p>\n","protected":false},"excerpt":{"rendered":"<p>\u00a0 W sobot\u0119 7 grudnia w godzinach 14.30 \/ 17.30 \u00a0parafia organizuje \u00abJulemarked\u00bb (bazar przed\u015bwi\u0105teczny) na placu mi\u0119dzy ko\u015bcio\u0142em a<\/p>\n","protected":false},"author":3,"featured_media":0,"comment_status":"closed","ping_status":"closed","sticky":false,"template":"","format":"standard","meta":{"colormag_page_container_layout":"default_layout","colormag_page_sidebar_layout":"default_layout","_exactmetrics_skip_tracking":false,"_exactmetrics_sitenote_active":false,"_exactmetrics_sitenote_note":"","_exactmetrics_sitenote_category":0,"footnotes":""},"categories":[5],"tags":[],"class_list":["post-12561","post","type-post","status-publish","format-standard","hentry","category-polski"],"_links":{"self":[{"href":"https:\/\/bergen.katolsk.no\/index.php?rest_route=\/wp\/v2\/posts\/12561","targetHints":{"allow":["GET"]}}],"collection":[{"href":"https:\/\/bergen.katolsk.no\/index.php?rest_route=\/wp\/v2\/posts"}],"about":[{"href":"https:\/\/bergen.katolsk.no\/index.php?rest_route=\/wp\/v2\/types\/post"}],"author":[{"embeddable":true,"href":"https:\/\/bergen.katolsk.no\/index.php?rest_route=\/wp\/v2\/users\/3"}],"replies":[{"embeddable":true,"href":"https:\/\/bergen.katolsk.no\/index.php?rest_route=%2Fwp%2Fv2%2Fcomments&post=12561"}],"version-history":[{"count":1,"href":"https:\/\/bergen.katolsk.no\/index.php?rest_route=\/wp\/v2\/posts\/12561\/revisions"}],"predecessor-version":[{"id":12562,"href":"https:\/\/bergen.katolsk.no\/index.php?rest_route=\/wp\/v2\/posts\/12561\/revisions\/12562"}],"wp:attachment":[{"href":"https:\/\/bergen.katolsk.no\/index.php?rest_route=%2Fwp%2Fv2%2Fmedia&parent=12561"}],"wp:term":[{"taxonomy":"category","embeddable":true,"href":"https:\/\/bergen.katolsk.no\/index.php?rest_route=%2Fwp%2Fv2%2Fcategories&post=12561"},{"taxonomy":"post_tag","embeddable":true,"href":"https:\/\/bergen.katolsk.no\/index.php?rest_route=%2Fwp%2Fv2%2Ftags&post=12561"}],"curies":[{"name":"wp","href":"https:\/\/api.w.org\/{rel}","templated":true}]}}