{"id":15286,"date":"2021-01-07T00:48:00","date_gmt":"2021-01-07T00:48:00","guid":{"rendered":"https:\/\/bergen.katolsk.no\/?p=15286"},"modified":"2021-01-19T18:42:48","modified_gmt":"2021-01-19T18:42:48","slug":"dagens-paulus-7-januar-2","status":"publish","type":"post","link":"https:\/\/bergen.katolsk.no\/?p=15286","title":{"rendered":"Dagens Paulus 7. januar"},"content":{"rendered":"\n<figure class=\"wp-block-image size-large\"><img loading=\"lazy\" decoding=\"async\" width=\"1000\" height=\"999\" src=\"https:\/\/bergen.katolsk.no\/wp-content\/uploads\/2021\/01\/Paulus-2.jpg\" alt=\"\" class=\"wp-image-15281\" srcset=\"https:\/\/bergen.katolsk.no\/wp-content\/uploads\/2021\/01\/Paulus-2.jpg 1000w, https:\/\/bergen.katolsk.no\/wp-content\/uploads\/2021\/01\/Paulus-2-300x300.jpg 300w, https:\/\/bergen.katolsk.no\/wp-content\/uploads\/2021\/01\/Paulus-2-150x150.jpg 150w, https:\/\/bergen.katolsk.no\/wp-content\/uploads\/2021\/01\/Paulus-2-768x767.jpg 768w, https:\/\/bergen.katolsk.no\/wp-content\/uploads\/2021\/01\/Paulus-2-956x955.jpg 956w\" sizes=\"auto, (max-width: 1000px) 100vw, 1000px\" \/><\/figure>\n\n\n\n<p><em>I \u00e5r kan vi ikke komme sammen i kirken og p\u00e5 skolen for \u00e5 feire apostelen Paulus omvendelse og menighetsfesten.Men vi \u00f8nsker \u00e5 feire Paulus allikevel; han er viktig for oss alle, som skytshelgen for denne menigheten som b\u00e6rer hans navn. <\/em><br><em>Vi vil oppfordre alle til \u00e5 lese om Paulus i Apostlenes gjerninger og lese det han har skrevet, Paulusbrevene i Det nye testament.<\/em><br><em>Vi har gjort et lite utvalg av sitater fra noen av Apostelens brev og anbefaler dere \u00e5 lese dem.<\/em><br><em>Begynn gjerne med en kort b\u00f8nn, f.eks. \u00abHerre, gi oss visdoms og forstands \u00c5nd, r\u00e5ds og styrkes \u00c5nd, kunnskaps og fromhets \u00c5nd, fyll oss med gudsfrykts \u00c5nd.\u00bb <\/em><br><em>Les teksten langsomt en gang og les s\u00e5 tekstene, en setning om gangen og tenk over hva den vil si deg. Hva mente Paulus da han skrev det? Skriver Paulus kanskje til meg i dag? Hva vil han i s\u00e5 fall si meg?<\/em><\/p>\n\n\n\n<p><strong>Paulus 1. brev til Tessalonikerne 4, 6-8 <\/strong><br><strong>Ingen m\u00e5 krenke eller utnytte sin bror p\u00e5 noen m\u00e5te. Herren straffer alt slikt, det har vi tidligere sagt dere klart og tydelig.&nbsp;For Gud kalte oss ikke til urenhet, men til et hellig liv.&nbsp;Den som avviser dette, avviser derfor ikke et menneske, han avviser Gud, som gir dere sin hellige \u00c5nd<\/strong>.<\/p>\n\n\n<p><!--EndFragment--><\/p>","protected":false},"excerpt":{"rendered":"<p>I \u00e5r kan vi ikke komme sammen i kirken og p\u00e5 skolen for \u00e5 feire apostelen Paulus omvendelse og menighetsfesten.Men<\/p>\n","protected":false},"author":3,"featured_media":0,"comment_status":"closed","ping_status":"closed","sticky":false,"template":"","format":"standard","meta":{"colormag_page_container_layout":"default_layout","colormag_page_sidebar_layout":"default_layout","_exactmetrics_skip_tracking":false,"_exactmetrics_sitenote_active":false,"_exactmetrics_sitenote_note":"","_exactmetrics_sitenote_category":0,"footnotes":""},"categories":[13],"tags":[],"class_list":["post-15286","post","type-post","status-publish","format-standard","hentry","category-dagens-paulus"],"_links":{"self":[{"href":"https:\/\/bergen.katolsk.no\/index.php?rest_route=\/wp\/v2\/posts\/15286","targetHints":{"allow":["GET"]}}],"collection":[{"href":"https:\/\/bergen.katolsk.no\/index.php?rest_route=\/wp\/v2\/posts"}],"about":[{"href":"https:\/\/bergen.katolsk.no\/index.php?rest_route=\/wp\/v2\/types\/post"}],"author":[{"embeddable":true,"href":"https:\/\/bergen.katolsk.no\/index.php?rest_route=\/wp\/v2\/users\/3"}],"replies":[{"embeddable":true,"href":"https:\/\/bergen.katolsk.no\/index.php?rest_route=%2Fwp%2Fv2%2Fcomments&post=15286"}],"version-history":[{"count":2,"href":"https:\/\/bergen.katolsk.no\/index.php?rest_route=\/wp\/v2\/posts\/15286\/revisions"}],"predecessor-version":[{"id":15292,"href":"https:\/\/bergen.katolsk.no\/index.php?rest_route=\/wp\/v2\/posts\/15286\/revisions\/15292"}],"wp:attachment":[{"href":"https:\/\/bergen.katolsk.no\/index.php?rest_route=%2Fwp%2Fv2%2Fmedia&parent=15286"}],"wp:term":[{"taxonomy":"category","embeddable":true,"href":"https:\/\/bergen.katolsk.no\/index.php?rest_route=%2Fwp%2Fv2%2Fcategories&post=15286"},{"taxonomy":"post_tag","embeddable":true,"href":"https:\/\/bergen.katolsk.no\/index.php?rest_route=%2Fwp%2Fv2%2Ftags&post=15286"}],"curies":[{"name":"wp","href":"https:\/\/api.w.org\/{rel}","templated":true}]}}