{"id":15328,"date":"2021-01-12T00:36:00","date_gmt":"2021-01-12T00:36:00","guid":{"rendered":"https:\/\/bergen.katolsk.no\/?p=15328"},"modified":"2021-01-19T18:40:17","modified_gmt":"2021-01-19T18:40:17","slug":"dagens-paulus-12-januar","status":"publish","type":"post","link":"https:\/\/bergen.katolsk.no\/?p=15328","title":{"rendered":"Dagens Paulus 12. januar"},"content":{"rendered":"\n<figure class=\"wp-block-image size-large\"><img loading=\"lazy\" decoding=\"async\" width=\"1000\" height=\"999\" src=\"https:\/\/bergen.katolsk.no\/wp-content\/uploads\/2021\/01\/Paulus-2.jpg\" alt=\"\" class=\"wp-image-15281\" srcset=\"https:\/\/bergen.katolsk.no\/wp-content\/uploads\/2021\/01\/Paulus-2.jpg 1000w, https:\/\/bergen.katolsk.no\/wp-content\/uploads\/2021\/01\/Paulus-2-300x300.jpg 300w, https:\/\/bergen.katolsk.no\/wp-content\/uploads\/2021\/01\/Paulus-2-150x150.jpg 150w, https:\/\/bergen.katolsk.no\/wp-content\/uploads\/2021\/01\/Paulus-2-768x767.jpg 768w, https:\/\/bergen.katolsk.no\/wp-content\/uploads\/2021\/01\/Paulus-2-956x955.jpg 956w\" sizes=\"auto, (max-width: 1000px) 100vw, 1000px\" \/><\/figure>\n\n\n\n<p><em>Begynn gjerne med en kort b\u00f8nn, f.eks. \u00abHerre, gi oss visdoms og forstands \u00c5nd, r\u00e5ds og styrkes \u00c5nd, kunnskaps og fromhets \u00c5nd, fyll oss med gudsfrykts \u00c5nd.\u00bb<\/em> <em>Les teksten langsomt en gang og les s\u00e5 tekstene, en setning om gangen og tenk over hva den vil si deg. Hva mente Paulus da han skrev det? Skriver Paulus kanskje til meg i dag? Hva vil han i s\u00e5 fall si meg<\/em>. <em>Bibelens ord er Guds ord til oss. De er ikke bare ord, de er levende ord, fra Gud til oss. Vi kan ikke lese disse ord uten \u00e5 m\u00f8te Guds \u00c5nd, som vil p\u00e5virke oss.<\/em><\/p>\n\n\n\n<p><em>La oss utsette oss for denne p\u00e5virkningen av Den Hellige \u00c5nd<\/em>.<\/p>\n\n\n\n<p><strong>Paulus 2. brev til Korinterne 4, 2 &#8211; 4<\/strong><\/p>\n\n\n\n<p>Vi tar avstand fra\nalt som er skammelig og ikke t\u00e5ler lyset, vi bruker ikke knep og forfalsker\nikke Guds ord. \u00c5pent legger vi sannheten fram, og for Guds ansikt stiller vi\noss selv fram s\u00e5 alle mennesker kan d\u00f8mme oss etter sin egen samvittighet.&nbsp;Er v\u00e5rt evangelium skjult, s\u00e5 er det skjult for\ndem som g\u00e5r fortapt. For denne verdens gud har blindet de vantros sinn, s\u00e5 de\nikke ser lyset som str\u00e5ler fram fra evangeliet om Kristi herlighet, han som er\nGuds bilde.&nbsp;Vi forkynner ikke oss selv, men Jesus\nKristus som Herre og oss som tjenere for dere \u2013 for Jesu skyld.<\/p>\n","protected":false},"excerpt":{"rendered":"<p>Begynn gjerne med en kort b\u00f8nn, f.eks. \u00abHerre, gi oss visdoms og forstands \u00c5nd, r\u00e5ds og styrkes \u00c5nd, kunnskaps og<\/p>\n","protected":false},"author":3,"featured_media":0,"comment_status":"closed","ping_status":"closed","sticky":false,"template":"","format":"standard","meta":{"colormag_page_container_layout":"default_layout","colormag_page_sidebar_layout":"default_layout","_exactmetrics_skip_tracking":false,"_exactmetrics_sitenote_active":false,"_exactmetrics_sitenote_note":"","_exactmetrics_sitenote_category":0,"footnotes":""},"categories":[13],"tags":[],"class_list":["post-15328","post","type-post","status-publish","format-standard","hentry","category-dagens-paulus"],"_links":{"self":[{"href":"https:\/\/bergen.katolsk.no\/index.php?rest_route=\/wp\/v2\/posts\/15328","targetHints":{"allow":["GET"]}}],"collection":[{"href":"https:\/\/bergen.katolsk.no\/index.php?rest_route=\/wp\/v2\/posts"}],"about":[{"href":"https:\/\/bergen.katolsk.no\/index.php?rest_route=\/wp\/v2\/types\/post"}],"author":[{"embeddable":true,"href":"https:\/\/bergen.katolsk.no\/index.php?rest_route=\/wp\/v2\/users\/3"}],"replies":[{"embeddable":true,"href":"https:\/\/bergen.katolsk.no\/index.php?rest_route=%2Fwp%2Fv2%2Fcomments&post=15328"}],"version-history":[{"count":1,"href":"https:\/\/bergen.katolsk.no\/index.php?rest_route=\/wp\/v2\/posts\/15328\/revisions"}],"predecessor-version":[{"id":15329,"href":"https:\/\/bergen.katolsk.no\/index.php?rest_route=\/wp\/v2\/posts\/15328\/revisions\/15329"}],"wp:attachment":[{"href":"https:\/\/bergen.katolsk.no\/index.php?rest_route=%2Fwp%2Fv2%2Fmedia&parent=15328"}],"wp:term":[{"taxonomy":"category","embeddable":true,"href":"https:\/\/bergen.katolsk.no\/index.php?rest_route=%2Fwp%2Fv2%2Fcategories&post=15328"},{"taxonomy":"post_tag","embeddable":true,"href":"https:\/\/bergen.katolsk.no\/index.php?rest_route=%2Fwp%2Fv2%2Ftags&post=15328"}],"curies":[{"name":"wp","href":"https:\/\/api.w.org\/{rel}","templated":true}]}}