{"id":15369,"date":"2021-01-19T00:19:00","date_gmt":"2021-01-19T00:19:00","guid":{"rendered":"https:\/\/bergen.katolsk.no\/?p=15369"},"modified":"2021-01-22T16:11:04","modified_gmt":"2021-01-22T16:11:04","slug":"dagens-paulus-og-novene-19-januar","status":"publish","type":"post","link":"https:\/\/bergen.katolsk.no\/?p=15369","title":{"rendered":"Dagens Paulus og novene 19. januar"},"content":{"rendered":"\n<figure class=\"wp-block-image size-large\"><img loading=\"lazy\" decoding=\"async\" width=\"1000\" height=\"999\" src=\"https:\/\/bergen.katolsk.no\/wp-content\/uploads\/2021\/01\/Paulus-2.jpg\" alt=\"\" class=\"wp-image-15281\" srcset=\"https:\/\/bergen.katolsk.no\/wp-content\/uploads\/2021\/01\/Paulus-2.jpg 1000w, https:\/\/bergen.katolsk.no\/wp-content\/uploads\/2021\/01\/Paulus-2-300x300.jpg 300w, https:\/\/bergen.katolsk.no\/wp-content\/uploads\/2021\/01\/Paulus-2-150x150.jpg 150w, https:\/\/bergen.katolsk.no\/wp-content\/uploads\/2021\/01\/Paulus-2-768x767.jpg 768w, https:\/\/bergen.katolsk.no\/wp-content\/uploads\/2021\/01\/Paulus-2-956x955.jpg 956w\" sizes=\"auto, (max-width: 1000px) 100vw, 1000px\" \/><\/figure>\n\n\n\n<p><em>Begynn gjerne med en kort b\u00f8nn, f.eks. \u00abHerre, gi oss visdoms og forstands \u00c5nd, r\u00e5ds og styrkes \u00c5nd, kunnskaps og fromhets \u00c5nd, fyll oss med gudsfrykts \u00c5nd.\u00bb<\/em><br><em>Les teksten langsomt en gang og les s\u00e5 tekstene, en setning om gangen og tenk over hva den vil si deg.<\/em> <em>Hva mente Paulus da han skrev det? Skriver Paulus kanskje til meg i dag? Hva vil han i s\u00e5 fall si meg?<\/em> <em>Bibelens ord er Guds ord til oss. De er ikke bare ord, de er levende ord, fra Gud til oss. Vi kan ikke lese disse ord uten \u00e5 m\u00f8te Guds \u00c5nd, som vil p\u00e5virke oss.<\/em> <em>La oss utsette oss for denne p\u00e5virkningen av Den Hellige \u00c5nd<\/em>.<\/p>\n\n\n\n<p><strong>Paulus brev til Filipperne 3. 19-21<\/strong><br><strong>Mange lever som fiender av Kristi kors.&nbsp;Fortapelse er deres m\u00e5l og magen deres gud, skam gj\u00f8r de til \u00e6re, og de s\u00f8ker bare det jordiske.&nbsp;Men vi har v\u00e5r borgerrett i himmelen, og derfra venter vi frelseren, Herren Jesus Kristus.&nbsp;Han skal forvandle v\u00e5r skr\u00f8pelige kropp og gj\u00f8re den lik den kroppen han selv har i herligheten. For han har makt til \u00e5 underlegge seg alt. &nbsp;&nbsp;&nbsp;&nbsp;&nbsp;<\/strong><br> <\/p>\n\n\n\n<p><strong>Novene  Dag 5<\/strong><\/p>\n\n\n\n<p><strong>I dag ber vi for alle misjon\u00e6rer, at de som den hellige Paulus m\u00e5 t\u00e5le alle vanskeligheter for Guds \u00e6re og aldri slutte \u00e5 stole p\u00e5 Hans forsyn.<\/strong><\/p>\n\n\n\n<p>Fader V\u00e5r<br>Hill deg Maria<br>\u00c6re v\u00e6re Faderen og S\u00f8nnen og den Hellige \u00c5nd, som det var i opphavet, s\u00e5 n\u00e5 og alltid og i all evighet.  Amen.<\/p>\n\n\n\n<p><strong>B\u00f8nn<\/strong><br>Hellige apostel Paulus, sannhetens forkynner og hedningenes l\u00e6rer. G\u00e5 i forb\u00f8nn for oss hos Gud, han som valgte deg til sitt redskap.<br>R: Sannhetens forkynner; be for oss.<br>La oss be: Gud, du har undervist mange nasjoner gjennom den salige apostel Paulus forkynnelse. La kraften av hans forb\u00f8nn hjelpe oss som \u00e6rer hans minne i dag.  Amen.<\/p>\n\n\n\n<p> <a rel=\"noreferrer noopener\" href=\"https:\/\/www.stritaradio.no\/\" target=\"_blank\">St Rita radio<\/a>&nbsp;sender novenen kl 9 og kl 17. Den ligger ogs\u00e5&nbsp;<a href=\"https:\/\/l.facebook.com\/l.php?u=https%3A%2F%2Fwww.stritaradio.no%2Fpost%2Fnovenen-til-den-hellige-paulus-dag-5-mandag-19-01-21%3Ffbclid%3DIwAR2mzEcaW42yQ3zNVYMi-7fY6zevvZCTz8VFWyqmV25W_bWkB4YMPd7K3i0&amp;h=AT1h1rfUOvxcsca8l3VMZw59Gtag0bHymgW_kKOeC9Op9PsSjcZEiqvVUuUfLvAiorJEDnslPv-ZKrOS_2YogqejeHGXeCNsUUx0yvj84X47X8ubpZ8H423s-PdGnzcExw\" target=\"_blank\" rel=\"noreferrer noopener\" aria-label=\"som podcast her.  (opens in a new tab)\">som podcast her. <\/a><\/p>\n\n\n\n<p><br> <\/p>\n","protected":false},"excerpt":{"rendered":"<p>Begynn gjerne med en kort b\u00f8nn, f.eks. \u00abHerre, gi oss visdoms og forstands \u00c5nd, r\u00e5ds og styrkes \u00c5nd, kunnskaps og<\/p>\n","protected":false},"author":3,"featured_media":0,"comment_status":"closed","ping_status":"closed","sticky":false,"template":"","format":"standard","meta":{"colormag_page_container_layout":"default_layout","colormag_page_sidebar_layout":"default_layout","_exactmetrics_skip_tracking":false,"_exactmetrics_sitenote_active":false,"_exactmetrics_sitenote_note":"","_exactmetrics_sitenote_category":0,"footnotes":""},"categories":[13],"tags":[],"class_list":["post-15369","post","type-post","status-publish","format-standard","hentry","category-dagens-paulus"],"_links":{"self":[{"href":"https:\/\/bergen.katolsk.no\/index.php?rest_route=\/wp\/v2\/posts\/15369","targetHints":{"allow":["GET"]}}],"collection":[{"href":"https:\/\/bergen.katolsk.no\/index.php?rest_route=\/wp\/v2\/posts"}],"about":[{"href":"https:\/\/bergen.katolsk.no\/index.php?rest_route=\/wp\/v2\/types\/post"}],"author":[{"embeddable":true,"href":"https:\/\/bergen.katolsk.no\/index.php?rest_route=\/wp\/v2\/users\/3"}],"replies":[{"embeddable":true,"href":"https:\/\/bergen.katolsk.no\/index.php?rest_route=%2Fwp%2Fv2%2Fcomments&post=15369"}],"version-history":[{"count":3,"href":"https:\/\/bergen.katolsk.no\/index.php?rest_route=\/wp\/v2\/posts\/15369\/revisions"}],"predecessor-version":[{"id":15404,"href":"https:\/\/bergen.katolsk.no\/index.php?rest_route=\/wp\/v2\/posts\/15369\/revisions\/15404"}],"wp:attachment":[{"href":"https:\/\/bergen.katolsk.no\/index.php?rest_route=%2Fwp%2Fv2%2Fmedia&parent=15369"}],"wp:term":[{"taxonomy":"category","embeddable":true,"href":"https:\/\/bergen.katolsk.no\/index.php?rest_route=%2Fwp%2Fv2%2Fcategories&post=15369"},{"taxonomy":"post_tag","embeddable":true,"href":"https:\/\/bergen.katolsk.no\/index.php?rest_route=%2Fwp%2Fv2%2Ftags&post=15369"}],"curies":[{"name":"wp","href":"https:\/\/api.w.org\/{rel}","templated":true}]}}