{"id":15389,"date":"2021-01-20T00:36:00","date_gmt":"2021-01-20T00:36:00","guid":{"rendered":"https:\/\/bergen.katolsk.no\/?p=15389"},"modified":"2021-01-24T15:23:54","modified_gmt":"2021-01-24T15:23:54","slug":"dagens-paulus-og-novene-20-januar","status":"publish","type":"post","link":"https:\/\/bergen.katolsk.no\/?p=15389","title":{"rendered":"Dagens Paulus og novene 20. januar"},"content":{"rendered":"\n<figure class=\"wp-block-image size-large\"><img loading=\"lazy\" decoding=\"async\" width=\"1000\" height=\"999\" src=\"https:\/\/bergen.katolsk.no\/wp-content\/uploads\/2021\/01\/Paulus-2.jpg\" alt=\"\" class=\"wp-image-15281\" srcset=\"https:\/\/bergen.katolsk.no\/wp-content\/uploads\/2021\/01\/Paulus-2.jpg 1000w, https:\/\/bergen.katolsk.no\/wp-content\/uploads\/2021\/01\/Paulus-2-300x300.jpg 300w, https:\/\/bergen.katolsk.no\/wp-content\/uploads\/2021\/01\/Paulus-2-150x150.jpg 150w, https:\/\/bergen.katolsk.no\/wp-content\/uploads\/2021\/01\/Paulus-2-768x767.jpg 768w, https:\/\/bergen.katolsk.no\/wp-content\/uploads\/2021\/01\/Paulus-2-956x955.jpg 956w\" sizes=\"auto, (max-width: 1000px) 100vw, 1000px\" \/><\/figure>\n\n\n\n<p><em>Begynn gjerne med en kort b\u00f8nn, f.eks. \u00abHerre, gi oss visdoms og forstands \u00c5nd, r\u00e5ds og styrkes \u00c5nd, kunnskaps og fromhets \u00c5nd, fyll oss med gudsfrykts \u00c5nd.\u00bb<\/em> <em>Les teksten langsomt en gang og les s\u00e5 tekstene, en setning om gangen og tenk over hva den vil si deg.<\/em> <em>Hva mente Paulus da han skrev det? Skriver Paulus kanskje til meg i dag? Hva vil han i s\u00e5 fall si meg?<\/em> <em>Bibelens ord er Guds ord til oss. De er ikke bare ord, de er levende ord, fra Gud til oss. Vi kan ikke lese disse ord uten \u00e5 m\u00f8te Guds \u00c5nd, som vil p\u00e5virke oss.<\/em> <em>La oss utsette oss for denne p\u00e5virkningen av Den Hellige \u00c5nd<\/em>.<\/p>\n\n\n\n<p><strong>Paulus brev til Efeserne 2, 4- 7<\/strong><br><strong>Gud er rik p\u00e5 barmhjertighet. Fordi han elsket oss med s\u00e5 stor en kj\u00e6rlighet,&nbsp;gjorde han oss levende med Kristus, vi som var d\u00f8de p\u00e5 grunn av v\u00e5re misgjerninger. Av n\u00e5de er dere frelst.&nbsp;I Kristus Jesus har han reist oss opp fra d\u00f8den sammen med ham og satt oss i himmelen med ham<\/strong>. <\/p>\n\n\n\n<p><strong>NOVENE dag 6<\/strong><br><strong>I dag ber vi for omvendelsen til alle som krenker de uf\u00f8dtes verdighet. At de p\u00e5 Paulus forb\u00f8nn m\u00e5 erkjenne menneskelivets hellighet.<\/strong><\/p>\n\n\n\n<p><strong>Fader v\u00e5r <\/strong><br><strong>Hill deg, Maria <\/strong><br>\u00c6re v\u00e6re Faderen og S\u00f8nnen og den Hellige \u00c5nd, som det var i opphavet, s\u00e5 n\u00e5 og alltid og i all evighet. Amen.<br><strong>B\u00f8nn<\/strong><br>Hellige apostel Paulus, sannhetens forkynner og hedningenes l\u00e6rer. G\u00e5 i forb\u00f8nn for oss hos Gud, han som valgte deg til sitt redskap.<br>R: Sannhetens forkynner; be for oss.<br>La oss be: Gud, du har undervist mange nasjoner gjennom den salige apostel Paulus forkynnelse. La kraften av hans forb\u00f8nn hjelpe oss som \u00e6rer hans minne i dag.<\/p>\n\n\n\n<p><a rel=\"noreferrer noopener\" href=\"https:\/\/www.stritaradio.no\/\" target=\"_blank\">St Rita radio<\/a>&nbsp;sender novenen kl 9 og kl 17. Den ligger ogs\u00e5&nbsp;<a href=\"https:\/\/l.facebook.com\/l.php?u=https%3A%2F%2Fwww.stritaradio.no%2Fpost%2Fnovenen-til-den-hellige-paulus-dag-6-onsdag-20-01-21%3Ffbclid%3DIwAR25wldmuTp7P6aWx5CLL0daNKvi8rV7Wt6qLIEPgbBWtGl0IQIyObdUKD0&amp;h=AT0S6tRKXcQzQLxktweArdPHfC97GVSZETIJXuDYSOY6MAGQQp1D7PD35qjjjeMDNun2YAEuGtz7K4xoVsp0oiGSDpEHSJXAfKnZ5NaisGW5A-GgAqMUPkLaBku2mV6atA\" target=\"_blank\" rel=\"noreferrer noopener\" aria-label=\"som podcast her. (opens in a new tab)\">som podcast her.<\/a><br><\/p>\n","protected":false},"excerpt":{"rendered":"<p>Begynn gjerne med en kort b\u00f8nn, f.eks. \u00abHerre, gi oss visdoms og forstands \u00c5nd, r\u00e5ds og styrkes \u00c5nd, kunnskaps og<\/p>\n","protected":false},"author":3,"featured_media":0,"comment_status":"closed","ping_status":"closed","sticky":false,"template":"","format":"standard","meta":{"colormag_page_container_layout":"default_layout","colormag_page_sidebar_layout":"default_layout","_exactmetrics_skip_tracking":false,"_exactmetrics_sitenote_active":false,"_exactmetrics_sitenote_note":"","_exactmetrics_sitenote_category":0,"footnotes":""},"categories":[13],"tags":[],"class_list":["post-15389","post","type-post","status-publish","format-standard","hentry","category-dagens-paulus"],"_links":{"self":[{"href":"https:\/\/bergen.katolsk.no\/index.php?rest_route=\/wp\/v2\/posts\/15389","targetHints":{"allow":["GET"]}}],"collection":[{"href":"https:\/\/bergen.katolsk.no\/index.php?rest_route=\/wp\/v2\/posts"}],"about":[{"href":"https:\/\/bergen.katolsk.no\/index.php?rest_route=\/wp\/v2\/types\/post"}],"author":[{"embeddable":true,"href":"https:\/\/bergen.katolsk.no\/index.php?rest_route=\/wp\/v2\/users\/3"}],"replies":[{"embeddable":true,"href":"https:\/\/bergen.katolsk.no\/index.php?rest_route=%2Fwp%2Fv2%2Fcomments&post=15389"}],"version-history":[{"count":5,"href":"https:\/\/bergen.katolsk.no\/index.php?rest_route=\/wp\/v2\/posts\/15389\/revisions"}],"predecessor-version":[{"id":15453,"href":"https:\/\/bergen.katolsk.no\/index.php?rest_route=\/wp\/v2\/posts\/15389\/revisions\/15453"}],"wp:attachment":[{"href":"https:\/\/bergen.katolsk.no\/index.php?rest_route=%2Fwp%2Fv2%2Fmedia&parent=15389"}],"wp:term":[{"taxonomy":"category","embeddable":true,"href":"https:\/\/bergen.katolsk.no\/index.php?rest_route=%2Fwp%2Fv2%2Fcategories&post=15389"},{"taxonomy":"post_tag","embeddable":true,"href":"https:\/\/bergen.katolsk.no\/index.php?rest_route=%2Fwp%2Fv2%2Ftags&post=15389"}],"curies":[{"name":"wp","href":"https:\/\/api.w.org\/{rel}","templated":true}]}}