{"id":15391,"date":"2021-01-21T00:41:00","date_gmt":"2021-01-21T00:41:00","guid":{"rendered":"https:\/\/bergen.katolsk.no\/?p=15391"},"modified":"2021-01-24T15:24:18","modified_gmt":"2021-01-24T15:24:18","slug":"dagens-paulus-og-novene-21-januar","status":"publish","type":"post","link":"https:\/\/bergen.katolsk.no\/?p=15391","title":{"rendered":"Dagens Paulus og novene 21. januar"},"content":{"rendered":"\n<figure class=\"wp-block-image size-large\"><img loading=\"lazy\" decoding=\"async\" width=\"1000\" height=\"999\" src=\"https:\/\/bergen.katolsk.no\/wp-content\/uploads\/2021\/01\/Paulus-2.jpg\" alt=\"\" class=\"wp-image-15281\" srcset=\"https:\/\/bergen.katolsk.no\/wp-content\/uploads\/2021\/01\/Paulus-2.jpg 1000w, https:\/\/bergen.katolsk.no\/wp-content\/uploads\/2021\/01\/Paulus-2-300x300.jpg 300w, https:\/\/bergen.katolsk.no\/wp-content\/uploads\/2021\/01\/Paulus-2-150x150.jpg 150w, https:\/\/bergen.katolsk.no\/wp-content\/uploads\/2021\/01\/Paulus-2-768x767.jpg 768w, https:\/\/bergen.katolsk.no\/wp-content\/uploads\/2021\/01\/Paulus-2-956x955.jpg 956w\" sizes=\"auto, (max-width: 1000px) 100vw, 1000px\" \/><\/figure>\n\n\n\n<p><em>Begynn gjerne med en kort b\u00f8nn, f.eks. \u00abHerre, gi oss visdoms og forstands \u00c5nd, r\u00e5ds og styrkes \u00c5nd, kunnskaps og fromhets \u00c5nd, fyll oss med gudsfrykts \u00c5nd.\u00bb<\/em> <em>Les teksten langsomt en gang og les s\u00e5 tekstene, en setning om gangen og tenk over hva den vil si deg. Hva mente Paulus da han skrev det? Skriver Paulus kanskje til meg i dag? Hva vil han i s\u00e5 fall si meg? Bibelens ord er Guds ord til oss. De er ikke bare ord, de er levende ord, fra Gud til oss. Vi kan ikke lese disse ord uten \u00e5 m\u00f8te Guds \u00c5nd, som vil p\u00e5virke oss. La oss utsette oss for denne p\u00e5virkningen av Den Hellige \u00c5nd<\/em>.<\/p>\n\n\n\n<p><strong> Paulus brev til Efeserne 2, 8-10 <\/strong><br><strong>For av n\u00e5de er dere frelst, ved tro. Det er ikke deres eget verk, men Guds gave. Det hviler ikke p\u00e5 gjerninger, for at ingen skal skryte av seg selv.&nbsp;For vi er hans verk, skapt i Kristus Jesus til gode gjerninger, som Gud p\u00e5 forh\u00e5nd har lagt ferdige for at vi skulle vandre i dem. <\/strong><\/p>\n\n\n\n<p>NOVENE dag 7<\/p>\n\n\n\n<p><strong>I dag ber vi for en dypere omvendelse for alle som studerer og underviser i Skriften, at deres m\u00f8te med det Guds levende Ord vil b\u00e6re frukt i utallige menneskers liv.<\/strong><br><strong>Fader v\u00e5r <\/strong><br><strong>Hill deg, Maria <\/strong><br><strong>\u00c6re v\u00e6re Faderen og S\u00f8nnen og den Hellige \u00c5nd<\/strong>, som det var i opphavet, s\u00e5 n\u00e5 og alltid og i all evighet. Amen.<br><strong>B\u00f8nn<\/strong><br>Hellige apostel Paulus, sannhetens forkynner og hedningenes l\u00e6rer. G\u00e5 i forb\u00f8nn for oss hos Gud, han som valgte deg til sitt redskap.<br>R: Sannhetens forkynner; be for oss.<br>La oss be: Gud, du har undervist mange nasjoner gjennom den salige apostel Paulus forkynnelse. La kraften av hans forb\u00f8nn hjelpe oss som \u00e6rer hans minne i dag.<\/p>\n\n\n\n<p> <a rel=\"noreferrer noopener\" href=\"https:\/\/www.stritaradio.no\/\" target=\"_blank\">St Rita radio<\/a>&nbsp;sender novenen kl 9 og kl 17. Den ligger ogs\u00e5&nbsp;<a href=\"https:\/\/www.stritaradio.no\/post\/novenen-til-den-hellige-paulus-dag-7-torsdag-21-01-21\" target=\"_blank\" rel=\"noreferrer noopener\" aria-label=\"som podcast her. (opens in a new tab)\">som podcast her.<\/a> <\/p>\n","protected":false},"excerpt":{"rendered":"<p>Begynn gjerne med en kort b\u00f8nn, f.eks. \u00abHerre, gi oss visdoms og forstands \u00c5nd, r\u00e5ds og styrkes \u00c5nd, kunnskaps og<\/p>\n","protected":false},"author":3,"featured_media":0,"comment_status":"closed","ping_status":"closed","sticky":false,"template":"","format":"standard","meta":{"colormag_page_container_layout":"default_layout","colormag_page_sidebar_layout":"default_layout","_exactmetrics_skip_tracking":false,"_exactmetrics_sitenote_active":false,"_exactmetrics_sitenote_note":"","_exactmetrics_sitenote_category":0,"footnotes":""},"categories":[13],"tags":[],"class_list":["post-15391","post","type-post","status-publish","format-standard","hentry","category-dagens-paulus"],"_links":{"self":[{"href":"https:\/\/bergen.katolsk.no\/index.php?rest_route=\/wp\/v2\/posts\/15391","targetHints":{"allow":["GET"]}}],"collection":[{"href":"https:\/\/bergen.katolsk.no\/index.php?rest_route=\/wp\/v2\/posts"}],"about":[{"href":"https:\/\/bergen.katolsk.no\/index.php?rest_route=\/wp\/v2\/types\/post"}],"author":[{"embeddable":true,"href":"https:\/\/bergen.katolsk.no\/index.php?rest_route=\/wp\/v2\/users\/3"}],"replies":[{"embeddable":true,"href":"https:\/\/bergen.katolsk.no\/index.php?rest_route=%2Fwp%2Fv2%2Fcomments&post=15391"}],"version-history":[{"count":4,"href":"https:\/\/bergen.katolsk.no\/index.php?rest_route=\/wp\/v2\/posts\/15391\/revisions"}],"predecessor-version":[{"id":15454,"href":"https:\/\/bergen.katolsk.no\/index.php?rest_route=\/wp\/v2\/posts\/15391\/revisions\/15454"}],"wp:attachment":[{"href":"https:\/\/bergen.katolsk.no\/index.php?rest_route=%2Fwp%2Fv2%2Fmedia&parent=15391"}],"wp:term":[{"taxonomy":"category","embeddable":true,"href":"https:\/\/bergen.katolsk.no\/index.php?rest_route=%2Fwp%2Fv2%2Fcategories&post=15391"},{"taxonomy":"post_tag","embeddable":true,"href":"https:\/\/bergen.katolsk.no\/index.php?rest_route=%2Fwp%2Fv2%2Ftags&post=15391"}],"curies":[{"name":"wp","href":"https:\/\/api.w.org\/{rel}","templated":true}]}}