{"id":15400,"date":"2021-01-24T00:57:00","date_gmt":"2021-01-24T00:57:00","guid":{"rendered":"https:\/\/bergen.katolsk.no\/?p=15400"},"modified":"2021-01-22T21:49:02","modified_gmt":"2021-01-22T21:49:02","slug":"dagens-paulus-og-novene-24-januar","status":"publish","type":"post","link":"https:\/\/bergen.katolsk.no\/?p=15400","title":{"rendered":"Dagens Paulus 24. januar"},"content":{"rendered":"\n<figure class=\"wp-block-image size-large\"><img loading=\"lazy\" decoding=\"async\" width=\"1000\" height=\"999\" src=\"https:\/\/bergen.katolsk.no\/wp-content\/uploads\/2021\/01\/Paulus-2.jpg\" alt=\"\" class=\"wp-image-15281\" srcset=\"https:\/\/bergen.katolsk.no\/wp-content\/uploads\/2021\/01\/Paulus-2.jpg 1000w, https:\/\/bergen.katolsk.no\/wp-content\/uploads\/2021\/01\/Paulus-2-300x300.jpg 300w, https:\/\/bergen.katolsk.no\/wp-content\/uploads\/2021\/01\/Paulus-2-150x150.jpg 150w, https:\/\/bergen.katolsk.no\/wp-content\/uploads\/2021\/01\/Paulus-2-768x767.jpg 768w, https:\/\/bergen.katolsk.no\/wp-content\/uploads\/2021\/01\/Paulus-2-956x955.jpg 956w\" sizes=\"auto, (max-width: 1000px) 100vw, 1000px\" \/><\/figure>\n\n\n\n<p><em>Begynn gjerne med en kort b\u00f8nn, f.eks. \u00abHerre,\ngi oss visdoms og forstands \u00c5nd, r\u00e5ds og styrkes \u00c5nd, kunnskaps og fromhets\n\u00c5nd, fyll oss med gudsfrykts \u00c5nd.\u00bb<\/em><\/p>\n\n\n\n<p><em>Les teksten langsomt en gang og les s\u00e5 tekstene, en setning om gangen og tenk over hva den vil si deg. Hva mente Paulus da han skrev det? Skriver Paulus kanskje til meg i dag? Hva vil han i s\u00e5 fall si meg? Bibelens ord er Guds ord til oss. De er ikke bare ord, de er levende ord, fra Gud til oss. Vi kan ikke lese disse ord uten \u00e5 m\u00f8te Guds \u00c5nd, som vil p\u00e5virke oss. La oss utsette oss for denne p\u00e5virkningen av Den Hellige \u00c5nd<\/em>.<\/p>\n\n\n\n<p><strong>Paulus 1. brev til Timoteus 2, 1- 4<\/strong><\/p>\n\n\n\n<p><strong>Jeg formaner dere framfor alt til \u00e5 b\u00e6re fram b\u00f8nn og p\u00e5kallelse, forb\u00f8nn og takk for alle mennesker.\u00a0Be for konger og alle i ledende stillinger, s\u00e5 vi kan leve et stille og fredelig liv med gudsfrykt og verdighet i alt.\u00a0Dette er godt og noe Gud, v\u00e5r frelser, gleder seg over,\u00a0han som vil at alle mennesker skal bli frelst og l\u00e6re sannheten \u00e5 kjenne.<\/strong><\/p>\n\n\n\n<p>Vi minner om at i h\u00f8ymessen i dag (s\u00f8ndag 24. januar) feires apostelen Paulus&#8217; omvendelse. Messen som vanlig overf\u00f8res p\u00e5 v\u00e5r hjemmeside og vil ogs\u00e5 kunne h\u00f8res kl 11 p\u00e5 <a rel=\"noreferrer noopener\" aria-label=\"St Rita radio (opens in a new tab)\" href=\"https:\/\/www.stritaradio.no\" target=\"_blank\">St Rita radio<\/a>.<\/p>\n","protected":false},"excerpt":{"rendered":"<p>Begynn gjerne med en kort b\u00f8nn, f.eks. \u00abHerre, gi oss visdoms og forstands \u00c5nd, r\u00e5ds og styrkes \u00c5nd, kunnskaps og<\/p>\n","protected":false},"author":3,"featured_media":0,"comment_status":"closed","ping_status":"closed","sticky":false,"template":"","format":"standard","meta":{"colormag_page_container_layout":"default_layout","colormag_page_sidebar_layout":"default_layout","_exactmetrics_skip_tracking":false,"_exactmetrics_sitenote_active":false,"_exactmetrics_sitenote_note":"","_exactmetrics_sitenote_category":0,"footnotes":""},"categories":[1,13],"tags":[],"class_list":["post-15400","post","type-post","status-publish","format-standard","hentry","category-aktuelt","category-dagens-paulus"],"_links":{"self":[{"href":"https:\/\/bergen.katolsk.no\/index.php?rest_route=\/wp\/v2\/posts\/15400","targetHints":{"allow":["GET"]}}],"collection":[{"href":"https:\/\/bergen.katolsk.no\/index.php?rest_route=\/wp\/v2\/posts"}],"about":[{"href":"https:\/\/bergen.katolsk.no\/index.php?rest_route=\/wp\/v2\/types\/post"}],"author":[{"embeddable":true,"href":"https:\/\/bergen.katolsk.no\/index.php?rest_route=\/wp\/v2\/users\/3"}],"replies":[{"embeddable":true,"href":"https:\/\/bergen.katolsk.no\/index.php?rest_route=%2Fwp%2Fv2%2Fcomments&post=15400"}],"version-history":[{"count":3,"href":"https:\/\/bergen.katolsk.no\/index.php?rest_route=\/wp\/v2\/posts\/15400\/revisions"}],"predecessor-version":[{"id":15442,"href":"https:\/\/bergen.katolsk.no\/index.php?rest_route=\/wp\/v2\/posts\/15400\/revisions\/15442"}],"wp:attachment":[{"href":"https:\/\/bergen.katolsk.no\/index.php?rest_route=%2Fwp%2Fv2%2Fmedia&parent=15400"}],"wp:term":[{"taxonomy":"category","embeddable":true,"href":"https:\/\/bergen.katolsk.no\/index.php?rest_route=%2Fwp%2Fv2%2Fcategories&post=15400"},{"taxonomy":"post_tag","embeddable":true,"href":"https:\/\/bergen.katolsk.no\/index.php?rest_route=%2Fwp%2Fv2%2Ftags&post=15400"}],"curies":[{"name":"wp","href":"https:\/\/api.w.org\/{rel}","templated":true}]}}