{"id":15792,"date":"2021-03-24T19:40:18","date_gmt":"2021-03-24T19:40:18","guid":{"rendered":"https:\/\/bergen.katolsk.no\/?p=15792"},"modified":"2021-03-24T19:40:20","modified_gmt":"2021-03-24T19:40:20","slug":"appell-fra-sognepresten","status":"publish","type":"post","link":"https:\/\/bergen.katolsk.no\/?p=15792","title":{"rendered":"Appell fra sognepresten"},"content":{"rendered":"\n<div class=\"wp-block-image\"><figure class=\"alignleft size-large is-resized\"><img loading=\"lazy\" decoding=\"async\" src=\"https:\/\/bergen.katolsk.no\/wp-content\/uploads\/2020\/03\/alois-brodersen-1.jpg\" alt=\"\" class=\"wp-image-13413\" width=\"333\" height=\"333\" srcset=\"https:\/\/bergen.katolsk.no\/wp-content\/uploads\/2020\/03\/alois-brodersen-1.jpg 1024w, https:\/\/bergen.katolsk.no\/wp-content\/uploads\/2020\/03\/alois-brodersen-1-300x300.jpg 300w, https:\/\/bergen.katolsk.no\/wp-content\/uploads\/2020\/03\/alois-brodersen-1-150x150.jpg 150w, https:\/\/bergen.katolsk.no\/wp-content\/uploads\/2020\/03\/alois-brodersen-1-768x768.jpg 768w, https:\/\/bergen.katolsk.no\/wp-content\/uploads\/2020\/03\/alois-brodersen-1-956x956.jpg 956w\" sizes=\"auto, (max-width: 333px) 100vw, 333px\" \/><\/figure><\/div>\n\n\n\n<p>Kj\u00e6re menighet.<\/p>\n\n\n\n<p>S\u00e5 er det kommet, det som vi fryktet, at nye sterke begrensninger for gudstjenestedeltakelsen er blitt p\u00e5lagt oss. N\u00e5 f\u00e5r  vi bare ha inntil 20 mennesker inne i kirkene.<\/p>\n\n\n\n<p>Derfor har vi bestemt oss for \u00e5 str\u00f8mme messene i \nDen Stille Uke og P\u00e5skens Triduum. Messene vil bli feiret inne i kirken \nmed mulighet til \u00e5 f\u00f8lge messen fra Krypten.<\/p>\n\n\n\n<p>Da blir det dessverre bare f\u00e5 troende som f\u00e5r delta personlig; de aller fleste vil m\u00e5tte henvises til str\u00f8mmede messer.<\/p>\n\n\n\n<p>En sideeffekt av nedstengningen er at kollekten \nforsvinner. N\u00e5r de troende ikke kan komme til messe, blir ogs\u00e5 kollekten\n for en stor del borte. Vi har regnet sammen det som er kommet inn, som \nkontanter (forsvinnende lite) og som Vipps og\n via nettbank, og det er ca. 1\/3 av det som normalt ville komme inn i \nl\u00f8pet av \u00e5rets tre f\u00f8rste m\u00e5neder. Utregnet p\u00e5 et helt \u00e5r, gir det et \ninntektstap for menigheten p\u00e5 ca. 800.000 kr.<\/p>\n\n\n\n<p>Samtidig forsvinner ikke utgiftene. Str\u00f8m og fjernvarme er dyrere enn noen gang og l\u00f8nninger m\u00e5 betales.\n<\/p>\n\n\n\n<p>Selv om det kommer f\u00e6rre mennesker innom \nmenighetskontoret, s\u00e5 jobbes det flittig med \u00e5 forberede f. eks. \nf\u00f8rstekommunion og konfirmasjon og katekesen fra h\u00f8sten av. Vi pr\u00f8ver \u00e5 \nholde hjulene i gang slik at menigheten skal kunne starte\n godt forberedt n\u00e5r h\u00f8stsemestret begynner.<\/p>\n\n\n\n<p>Jeg h\u00e5per at menighetens troende er villig til \u00e5 ta\n ansvar for menigheten og st\u00f8tte den \u00f8konomisk. Jeg vet at noen av de \nnasjonale gruppene har samlet inn penger for \u00e5 st\u00f8tte menigheten og \nandre vil begynne med dette.<\/p>\n\n\n\n<p>En ting alle kan gj\u00f8re, er \u00e5 sende menigheten en P\u00e5ske-gave, &#8211; f. eks. en P\u00e5ske-Vipps eller en P\u00e5ske-giro.<\/p>\n\n\n\n<div class=\"wp-block-media-text alignwide\" style=\"grid-template-columns:15% auto\"><figure class=\"wp-block-media-text__media\"><img decoding=\"async\" src=\"https:\/\/bergen.katolsk.no\/wp-content\/uploads\/2017\/08\/tn_Vipps_App_ikon_RGB.jpg\" alt=\"\"\/><\/figure><div class=\"wp-block-media-text__content\">\n<h3 class=\"wp-block-heading\">V\u00e5rt Vippsnummer er 111576<\/h3>\n<\/div><\/div>\n\n\n\n<p> Det g\u00e5r ogs\u00e5 an \u00e5 betale inn p\u00e5 menighetens konto: <strong>3624.07.60031<\/strong>, gi penger i kollekten hvis du er p\u00e5 en messe eller sp\u00f8rre presten om hjelp. <\/p>\n\n\n\n<p> Samtidig minner vi om muligheten til \u00e5 melde seg som fast giver med mulighet for skattefradrag. Se innstikk i det siste menighetsbladet eller <a rel=\"noreferrer noopener\" href=\"https:\/\/bergen.katolsk.no\/?page_id=1578\" target=\"_blank\">klikk her.<\/a> <\/p>\n\n\n\n<p>Gud elsker en glad giver.<\/p>\n\n\n\n<p>M\u00e5 Han velsigne dere og gi dere \u00e5 feire Herrens P\u00e5ske med sann glede.<\/p>\n\n\n\n<p>Deres sogneprest<\/p>\n\n\n\n<p><strong>Dom Alois<\/strong><\/p>\n","protected":false},"excerpt":{"rendered":"<p>Kj\u00e6re menighet. S\u00e5 er det kommet, det som vi fryktet, at nye sterke begrensninger for gudstjenestedeltakelsen er blitt p\u00e5lagt oss.<\/p>\n","protected":false},"author":6,"featured_media":0,"comment_status":"closed","ping_status":"closed","sticky":false,"template":"","format":"standard","meta":{"colormag_page_container_layout":"default_layout","colormag_page_sidebar_layout":"default_layout","_exactmetrics_skip_tracking":false,"_exactmetrics_sitenote_active":false,"_exactmetrics_sitenote_note":"","_exactmetrics_sitenote_category":0,"footnotes":""},"categories":[1],"tags":[],"class_list":["post-15792","post","type-post","status-publish","format-standard","hentry","category-aktuelt"],"_links":{"self":[{"href":"https:\/\/bergen.katolsk.no\/index.php?rest_route=\/wp\/v2\/posts\/15792","targetHints":{"allow":["GET"]}}],"collection":[{"href":"https:\/\/bergen.katolsk.no\/index.php?rest_route=\/wp\/v2\/posts"}],"about":[{"href":"https:\/\/bergen.katolsk.no\/index.php?rest_route=\/wp\/v2\/types\/post"}],"author":[{"embeddable":true,"href":"https:\/\/bergen.katolsk.no\/index.php?rest_route=\/wp\/v2\/users\/6"}],"replies":[{"embeddable":true,"href":"https:\/\/bergen.katolsk.no\/index.php?rest_route=%2Fwp%2Fv2%2Fcomments&post=15792"}],"version-history":[{"count":4,"href":"https:\/\/bergen.katolsk.no\/index.php?rest_route=\/wp\/v2\/posts\/15792\/revisions"}],"predecessor-version":[{"id":15797,"href":"https:\/\/bergen.katolsk.no\/index.php?rest_route=\/wp\/v2\/posts\/15792\/revisions\/15797"}],"wp:attachment":[{"href":"https:\/\/bergen.katolsk.no\/index.php?rest_route=%2Fwp%2Fv2%2Fmedia&parent=15792"}],"wp:term":[{"taxonomy":"category","embeddable":true,"href":"https:\/\/bergen.katolsk.no\/index.php?rest_route=%2Fwp%2Fv2%2Fcategories&post=15792"},{"taxonomy":"post_tag","embeddable":true,"href":"https:\/\/bergen.katolsk.no\/index.php?rest_route=%2Fwp%2Fv2%2Ftags&post=15792"}],"curies":[{"name":"wp","href":"https:\/\/api.w.org\/{rel}","templated":true}]}}