{"id":15845,"date":"2021-03-31T11:36:38","date_gmt":"2021-03-31T11:36:38","guid":{"rendered":"https:\/\/bergen.katolsk.no\/?p=15845"},"modified":"2021-03-31T11:36:39","modified_gmt":"2021-03-31T11:36:39","slug":"novenen-til-den-guddommelige-miskunn-3","status":"publish","type":"post","link":"https:\/\/bergen.katolsk.no\/?p=15845","title":{"rendered":"Novenen til den Guddommelige Miskunn"},"content":{"rendered":"\n<div class=\"wp-block-image\"><figure class=\"alignleft size-large is-resized\"><img loading=\"lazy\" decoding=\"async\" src=\"https:\/\/bergen.katolsk.no\/wp-content\/uploads\/2019\/04\/IMG_3364-3-1024x1024.jpg\" alt=\"\" class=\"wp-image-10919\" width=\"302\" height=\"302\" srcset=\"https:\/\/bergen.katolsk.no\/wp-content\/uploads\/2019\/04\/IMG_3364-3-1024x1024.jpg 1024w, https:\/\/bergen.katolsk.no\/wp-content\/uploads\/2019\/04\/IMG_3364-3-150x150.jpg 150w, https:\/\/bergen.katolsk.no\/wp-content\/uploads\/2019\/04\/IMG_3364-3-300x300.jpg 300w, https:\/\/bergen.katolsk.no\/wp-content\/uploads\/2019\/04\/IMG_3364-3-768x768.jpg 768w, https:\/\/bergen.katolsk.no\/wp-content\/uploads\/2019\/04\/IMG_3364-3-956x957.jpg 956w, https:\/\/bergen.katolsk.no\/wp-content\/uploads\/2019\/04\/IMG_3364-3.jpg 1859w\" sizes=\"auto, (max-width: 302px) 100vw, 302px\" \/><\/figure><\/div>\n\n\n\n<p>Ogs\u00e5 i \u00e5r skal vi be Novenen til den Guddommelige Miskunn mellom Langfredag og Miskunnss\u00f8ndag. Den vil heller ikke i \u00e5r ble bedt som fellesb\u00f8nn i kirken, men de som er i kirken kan be der (brosjyrer blir lagt ut bak i kirken), og alle andre kan be p\u00e5 egen h\u00e5nd hjemme. Her kan du finne teksten i\u00a0<a rel=\"noreferrer noopener\" href=\"http:\/\/bergen.katolsk.no\/wp_documents\/Novene%20til%20Den%20Guddommelige%20Miskunn%20.pdf\" target=\"_blank\">pdf<\/a><\/p>\n\n\n\n<p>Hellige Gud, Hellige Sterke, Hellige Ud\u00f8delige, miskunn deg over<br>oss og over hele verden.<\/p>\n","protected":false},"excerpt":{"rendered":"<p>Ogs\u00e5 i \u00e5r skal vi be Novenen til den Guddommelige Miskunn mellom Langfredag og Miskunnss\u00f8ndag. Den vil heller ikke i<\/p>\n","protected":false},"author":6,"featured_media":0,"comment_status":"closed","ping_status":"closed","sticky":false,"template":"","format":"standard","meta":{"colormag_page_container_layout":"default_layout","colormag_page_sidebar_layout":"default_layout","_exactmetrics_skip_tracking":false,"_exactmetrics_sitenote_active":false,"_exactmetrics_sitenote_note":"","_exactmetrics_sitenote_category":0,"footnotes":""},"categories":[1],"tags":[],"class_list":["post-15845","post","type-post","status-publish","format-standard","hentry","category-aktuelt"],"_links":{"self":[{"href":"https:\/\/bergen.katolsk.no\/index.php?rest_route=\/wp\/v2\/posts\/15845","targetHints":{"allow":["GET"]}}],"collection":[{"href":"https:\/\/bergen.katolsk.no\/index.php?rest_route=\/wp\/v2\/posts"}],"about":[{"href":"https:\/\/bergen.katolsk.no\/index.php?rest_route=\/wp\/v2\/types\/post"}],"author":[{"embeddable":true,"href":"https:\/\/bergen.katolsk.no\/index.php?rest_route=\/wp\/v2\/users\/6"}],"replies":[{"embeddable":true,"href":"https:\/\/bergen.katolsk.no\/index.php?rest_route=%2Fwp%2Fv2%2Fcomments&post=15845"}],"version-history":[{"count":3,"href":"https:\/\/bergen.katolsk.no\/index.php?rest_route=\/wp\/v2\/posts\/15845\/revisions"}],"predecessor-version":[{"id":15851,"href":"https:\/\/bergen.katolsk.no\/index.php?rest_route=\/wp\/v2\/posts\/15845\/revisions\/15851"}],"wp:attachment":[{"href":"https:\/\/bergen.katolsk.no\/index.php?rest_route=%2Fwp%2Fv2%2Fmedia&parent=15845"}],"wp:term":[{"taxonomy":"category","embeddable":true,"href":"https:\/\/bergen.katolsk.no\/index.php?rest_route=%2Fwp%2Fv2%2Fcategories&post=15845"},{"taxonomy":"post_tag","embeddable":true,"href":"https:\/\/bergen.katolsk.no\/index.php?rest_route=%2Fwp%2Fv2%2Ftags&post=15845"}],"curies":[{"name":"wp","href":"https:\/\/api.w.org\/{rel}","templated":true}]}}