{"id":16056,"date":"2021-05-24T16:46:07","date_gmt":"2021-05-24T16:46:07","guid":{"rendered":"https:\/\/bergen.katolsk.no\/?p=16056"},"modified":"2021-05-24T16:55:54","modified_gmt":"2021-05-24T16:55:54","slug":"veni-sancte-spiritus-tui-amoris-igne-accende","status":"publish","type":"post","link":"https:\/\/bergen.katolsk.no\/?p=16056","title":{"rendered":"Veni Sancte Spiritus, tui amoris ignem accende"},"content":{"rendered":"\n<figure class=\"wp-block-image size-large\"><img loading=\"lazy\" decoding=\"async\" width=\"1024\" height=\"768\" src=\"https:\/\/bergen.katolsk.no\/wp-content\/uploads\/2021\/05\/IMG_20210524_120011-1024x768.jpg\" alt=\"\" class=\"wp-image-16057\" srcset=\"https:\/\/bergen.katolsk.no\/wp-content\/uploads\/2021\/05\/IMG_20210524_120011-1024x768.jpg 1024w, https:\/\/bergen.katolsk.no\/wp-content\/uploads\/2021\/05\/IMG_20210524_120011-300x225.jpg 300w, https:\/\/bergen.katolsk.no\/wp-content\/uploads\/2021\/05\/IMG_20210524_120011-768x576.jpg 768w, https:\/\/bergen.katolsk.no\/wp-content\/uploads\/2021\/05\/IMG_20210524_120011-956x717.jpg 956w, https:\/\/bergen.katolsk.no\/wp-content\/uploads\/2021\/05\/IMG_20210524_120011.jpg 1110w\" sizes=\"auto, (max-width: 1024px) 100vw, 1024px\" \/><\/figure>\n\n\n\n<p> <br>Som hvert \u00e5r samlet kristne fra flere kirker og menigheter i Bergen seg til gudstjeneste p\u00e5 Kristkirketomten  2. pinsedag. <br>Katolikkene var godt representert sammen med pater Erik Holth. Vi bad sammen for menighetene v\u00e5re, for Bergen by og for Guds folk over hele jorden, for kloden vi bor p\u00e5 og om fred og frihet i verden.<\/p>\n\n\n\n<p>Det var godt \u00e5 be og synge sammen:  &#8220;Heilag Ande kom til oss, tenn i v\u00e5rt indre kj\u00e6rleikens loge.&#8221; <\/p>\n\n\n\n<figure class=\"wp-block-image size-large\"><img loading=\"lazy\" decoding=\"async\" width=\"1024\" height=\"768\" src=\"https:\/\/bergen.katolsk.no\/wp-content\/uploads\/2021\/05\/20210524_122354-1024x768.jpg\" alt=\"\" class=\"wp-image-16058\" srcset=\"https:\/\/bergen.katolsk.no\/wp-content\/uploads\/2021\/05\/20210524_122354-1024x768.jpg 1024w, https:\/\/bergen.katolsk.no\/wp-content\/uploads\/2021\/05\/20210524_122354-300x225.jpg 300w, https:\/\/bergen.katolsk.no\/wp-content\/uploads\/2021\/05\/20210524_122354-768x576.jpg 768w, https:\/\/bergen.katolsk.no\/wp-content\/uploads\/2021\/05\/20210524_122354-956x717.jpg 956w, https:\/\/bergen.katolsk.no\/wp-content\/uploads\/2021\/05\/20210524_122354.jpg 1112w\" sizes=\"auto, (max-width: 1024px) 100vw, 1024px\" \/><\/figure>\n\n\n\n<p><\/p>\n\n\n\n<figure class=\"wp-block-image size-large\"><img loading=\"lazy\" decoding=\"async\" width=\"768\" height=\"1024\" src=\"https:\/\/bergen.katolsk.no\/wp-content\/uploads\/2021\/05\/original_62223f08-c2c1-4ede-90df-17aae2b5c478_IMG_20210524_122516-768x1024.jpg\" alt=\"\" class=\"wp-image-16059\" srcset=\"https:\/\/bergen.katolsk.no\/wp-content\/uploads\/2021\/05\/original_62223f08-c2c1-4ede-90df-17aae2b5c478_IMG_20210524_122516-768x1024.jpg 768w, https:\/\/bergen.katolsk.no\/wp-content\/uploads\/2021\/05\/original_62223f08-c2c1-4ede-90df-17aae2b5c478_IMG_20210524_122516-225x300.jpg 225w, https:\/\/bergen.katolsk.no\/wp-content\/uploads\/2021\/05\/original_62223f08-c2c1-4ede-90df-17aae2b5c478_IMG_20210524_122516-956x1275.jpg 956w, https:\/\/bergen.katolsk.no\/wp-content\/uploads\/2021\/05\/original_62223f08-c2c1-4ede-90df-17aae2b5c478_IMG_20210524_122516.jpg 1110w\" sizes=\"auto, (max-width: 768px) 100vw, 768px\" \/><\/figure>\n\n\n\n<figure class=\"wp-block-image size-large\"><img loading=\"lazy\" decoding=\"async\" width=\"1024\" height=\"768\" src=\"https:\/\/bergen.katolsk.no\/wp-content\/uploads\/2021\/05\/IMG_20210524_125353-1024x768.jpg\" alt=\"\" class=\"wp-image-16061\" srcset=\"https:\/\/bergen.katolsk.no\/wp-content\/uploads\/2021\/05\/IMG_20210524_125353-1024x768.jpg 1024w, https:\/\/bergen.katolsk.no\/wp-content\/uploads\/2021\/05\/IMG_20210524_125353-300x225.jpg 300w, https:\/\/bergen.katolsk.no\/wp-content\/uploads\/2021\/05\/IMG_20210524_125353-768x576.jpg 768w, https:\/\/bergen.katolsk.no\/wp-content\/uploads\/2021\/05\/IMG_20210524_125353-956x717.jpg 956w, https:\/\/bergen.katolsk.no\/wp-content\/uploads\/2021\/05\/IMG_20210524_125353.jpg 1111w\" sizes=\"auto, (max-width: 1024px) 100vw, 1024px\" \/><\/figure>\n","protected":false},"excerpt":{"rendered":"<p>Som hvert \u00e5r samlet kristne fra flere kirker og menigheter i Bergen seg til gudstjeneste p\u00e5 Kristkirketomten 2. pinsedag. Katolikkene<\/p>\n","protected":false},"author":3,"featured_media":0,"comment_status":"closed","ping_status":"closed","sticky":false,"template":"","format":"standard","meta":{"colormag_page_container_layout":"default_layout","colormag_page_sidebar_layout":"default_layout","_exactmetrics_skip_tracking":false,"_exactmetrics_sitenote_active":false,"_exactmetrics_sitenote_note":"","_exactmetrics_sitenote_category":0,"footnotes":""},"categories":[1],"tags":[],"class_list":["post-16056","post","type-post","status-publish","format-standard","hentry","category-aktuelt"],"_links":{"self":[{"href":"https:\/\/bergen.katolsk.no\/index.php?rest_route=\/wp\/v2\/posts\/16056","targetHints":{"allow":["GET"]}}],"collection":[{"href":"https:\/\/bergen.katolsk.no\/index.php?rest_route=\/wp\/v2\/posts"}],"about":[{"href":"https:\/\/bergen.katolsk.no\/index.php?rest_route=\/wp\/v2\/types\/post"}],"author":[{"embeddable":true,"href":"https:\/\/bergen.katolsk.no\/index.php?rest_route=\/wp\/v2\/users\/3"}],"replies":[{"embeddable":true,"href":"https:\/\/bergen.katolsk.no\/index.php?rest_route=%2Fwp%2Fv2%2Fcomments&post=16056"}],"version-history":[{"count":2,"href":"https:\/\/bergen.katolsk.no\/index.php?rest_route=\/wp\/v2\/posts\/16056\/revisions"}],"predecessor-version":[{"id":16066,"href":"https:\/\/bergen.katolsk.no\/index.php?rest_route=\/wp\/v2\/posts\/16056\/revisions\/16066"}],"wp:attachment":[{"href":"https:\/\/bergen.katolsk.no\/index.php?rest_route=%2Fwp%2Fv2%2Fmedia&parent=16056"}],"wp:term":[{"taxonomy":"category","embeddable":true,"href":"https:\/\/bergen.katolsk.no\/index.php?rest_route=%2Fwp%2Fv2%2Fcategories&post=16056"},{"taxonomy":"post_tag","embeddable":true,"href":"https:\/\/bergen.katolsk.no\/index.php?rest_route=%2Fwp%2Fv2%2Ftags&post=16056"}],"curies":[{"name":"wp","href":"https:\/\/api.w.org\/{rel}","templated":true}]}}