{"id":16347,"date":"2021-08-27T19:20:39","date_gmt":"2021-08-27T19:20:39","guid":{"rendered":"https:\/\/bergen.katolsk.no\/?p=16347"},"modified":"2021-08-27T19:21:58","modified_gmt":"2021-08-27T19:21:58","slug":"ogloszenia-parafialne-niedziela-29-sierpnia-2021","status":"publish","type":"post","link":"https:\/\/bergen.katolsk.no\/?p=16347","title":{"rendered":"OG\u0141OSZENIA PARAFIALNE niedziela 29 sierpnia 2021"},"content":{"rendered":"\n<p>Katecheza\nparafialna dla dzieci i m\u0142odzie\u017cy rozpoczyna si\u0119 we wrze\u015bniu. Prosimy o\nzg\u0142aszanie dzieci ze wszystkich grup wiekowych na stronie internetowej parafii.<\/p>\n\n\n\n<p>Zapraszamy na nocn\u0105 Adoracj\u0119 ku czci Naj\u015bwi\u0119tszego Serca\nPana Jezusa w nocy z czwartku 2go na pi\u0105tek 3go wrze\u015bnia. Pocz\u0105tek po\nwieczornej Mszy \u015awi\u0119tej o godz 19.00. Wi\u0119cej informacji i rejestracja u si\u00f3str\nMatki Teresy, tlf. 55215970.<\/p>\n\n\n\n<p>Siostry\nMatki Teresy zapraszaj\u0105 na Msz\u0119 \u015awi\u0119t\u0105 w sobot\u0119 4 wrze\u015bnia (w przeddzie\u0144 liturgicznego\nwspomnienia Matki Teresy) o godz 10.00 na Marias Minde PO Mszy \u015awi\u0119tej kawa i wyk\u0142ad\npo\u015bwi\u0119cony Matce Teresie.<\/p>\n\n\n\n<p>Zapraszamy na pielgrzymk\u0119 do ko\u015bcio\u0142a \u015awi\u0119tego Krzy\u017ca w Fana w sobot\u0119 18 wrze\u015bnia. Spotykamy si\u0119 na dawnej stacji \u00a0kolei w Stend o godz 15.20. Msza \u015awi\u0119ta w Fana kirke o godz 16.00. <\/p>\n\n\n\n<p>W dalszym ci\u0105gu przestrzegamy przepis\u00f3w\nsanitarno-epidemiologicznych \u2013 obecnie 100 wiernych mo\u017ce przebywa\u0107 w ko\u015bciele\n\u015awi\u0119tego Paw\u0142a a 35 na Marias Minde. W dalszym ci\u0105gu zachowujemy odleg\u0142o\u015b\u0107 1\nmetra!&nbsp; Obowi\u0105zkowa uprzednia rejestracja elektroniczna na&nbsp;<a href=\"https:\/\/billett.katolsk.no\/\">https:\/\/billett.katolsk.no<\/a><\/p>\n","protected":false},"excerpt":{"rendered":"<p>Katecheza parafialna dla dzieci i m\u0142odzie\u017cy rozpoczyna si\u0119 we wrze\u015bniu. Prosimy o zg\u0142aszanie dzieci ze wszystkich grup wiekowych na stronie<\/p>\n","protected":false},"author":3,"featured_media":0,"comment_status":"closed","ping_status":"closed","sticky":false,"template":"","format":"standard","meta":{"colormag_page_container_layout":"default_layout","colormag_page_sidebar_layout":"default_layout","_exactmetrics_skip_tracking":false,"_exactmetrics_sitenote_active":false,"_exactmetrics_sitenote_note":"","_exactmetrics_sitenote_category":0,"footnotes":""},"categories":[5],"tags":[],"class_list":["post-16347","post","type-post","status-publish","format-standard","hentry","category-polski"],"_links":{"self":[{"href":"https:\/\/bergen.katolsk.no\/index.php?rest_route=\/wp\/v2\/posts\/16347","targetHints":{"allow":["GET"]}}],"collection":[{"href":"https:\/\/bergen.katolsk.no\/index.php?rest_route=\/wp\/v2\/posts"}],"about":[{"href":"https:\/\/bergen.katolsk.no\/index.php?rest_route=\/wp\/v2\/types\/post"}],"author":[{"embeddable":true,"href":"https:\/\/bergen.katolsk.no\/index.php?rest_route=\/wp\/v2\/users\/3"}],"replies":[{"embeddable":true,"href":"https:\/\/bergen.katolsk.no\/index.php?rest_route=%2Fwp%2Fv2%2Fcomments&post=16347"}],"version-history":[{"count":2,"href":"https:\/\/bergen.katolsk.no\/index.php?rest_route=\/wp\/v2\/posts\/16347\/revisions"}],"predecessor-version":[{"id":16349,"href":"https:\/\/bergen.katolsk.no\/index.php?rest_route=\/wp\/v2\/posts\/16347\/revisions\/16349"}],"wp:attachment":[{"href":"https:\/\/bergen.katolsk.no\/index.php?rest_route=%2Fwp%2Fv2%2Fmedia&parent=16347"}],"wp:term":[{"taxonomy":"category","embeddable":true,"href":"https:\/\/bergen.katolsk.no\/index.php?rest_route=%2Fwp%2Fv2%2Fcategories&post=16347"},{"taxonomy":"post_tag","embeddable":true,"href":"https:\/\/bergen.katolsk.no\/index.php?rest_route=%2Fwp%2Fv2%2Ftags&post=16347"}],"curies":[{"name":"wp","href":"https:\/\/api.w.org\/{rel}","templated":true}]}}