{"id":16617,"date":"2021-11-26T19:18:19","date_gmt":"2021-11-26T19:18:19","guid":{"rendered":"https:\/\/bergen.katolsk.no\/?p=16617"},"modified":"2021-11-26T19:27:10","modified_gmt":"2021-11-26T19:27:10","slug":"ogloszenia-parafialne-niedziela-28-listopada-2021","status":"publish","type":"post","link":"https:\/\/bergen.katolsk.no\/?p=16617","title":{"rendered":"OGLOSZENIA PARAFIALNE niedziela 28 listopada 2021"},"content":{"rendered":"\n<ul class=\"wp-block-list\"><li>W Pierwsz\u0105 niedziel\u0119 Adwentu, 28.11. o godz 14.00 nasza parafia prowadzi nabo\u017ce\u0144stwo na <strong>Fl\u00f8ien<\/strong> \/ zapalenie adwentowego \u015bwiate\u0142ka. Poniewa\u017c Fl\u00f8ibanen nie dzia\u0142a trzeba wej\u015b\u0107 na Fl\u00f8ien piechot\u0105.<\/li><\/ul>\n\n\n\n<ul class=\"wp-block-list\"><li>Zapraszamy na adoracj\u0119 Naj\u015bwi\u0119tszego Sakramentu dla Serca Pana Jezusa w noc z czwartku 2go na pi\u0105tek 3o grudnia. Pocz\u0105tek po Mszy Swi\u0119tej wieczornej. Zg\u0142oszenia do Si\u00f3str Matki Teresy telefon 55215970.<\/li><\/ul>\n\n\n\n<ul class=\"wp-block-list\"><li>Zapraszamy na Julemarked &#8211; Jarmark Adwentowy \u00a0w sobot\u0119 4 grudnia od 14 &#8211; 17.30. Prezenty gwiazdkowe, koncert kol\u0119d w ko\u015bciele i solo na tr\u0105bce na dworze. Niespodzianki dla dzieci. Ciep\u0142e jedzenie, ciasta i grzaniec. Doch\u00f3d przeznaczony jest na <a rel=\"noreferrer noopener\" aria-label=\"Akcj\u0119 Adwentowa NUK i Caritas. (opens in a new tab)\" href=\"https:\/\/nb-no.facebook.com\/adventsaksjonen\/\" target=\"_blank\">Akcj\u0119 Adwentowa NUK i Caritas.<\/a><\/li><\/ul>\n\n\n\n<ul class=\"wp-block-list\"><li>Dzieci urodzone zagranic\u0105 nie s\u0105 automatycznie rejestrowane w Ko\u015bciele Katolickim w Norwegii. Je\u015bli nie jeste\u015b pewien czy Ty i Twoja rodzina jest zarejestrowana, wype\u0142nij i z\u0142\u00f3\u017c formularz rejestracyjny, kt\u00f3ry znajdziesz si\u0119 z ty\u0142u ko\u015bcio\u0142a. Pami\u0119taj, \u017ce oboje rodzice musz\u0105 podpisa\u0107 si\u0119 przy rejestracji dziecka poni\u017cej 15 lat. Po sko\u0144czeniu 15 lat dziecko musi zarejestrowa\u0107 si\u0119 samo. Formularz nale\u017cy odda\u0107 w biurze parafialnym..<\/li><\/ul>\n\n\n\n<ul class=\"wp-block-list\"><li><strong>Nowe przepisy sanitarno \u2013 epidemiologiczne obowi\u0105zuj\u0105 od 22 listopada do 20 grudnia br. w Bergen Kommune a tak\u017ce w Alver, Ask\u00f8y, Bj\u00f8rnafjorden, Samnanger, Vaksdal i \u00d8ygarden.<\/strong><\/li><\/ul>\n\n\n\n<p>W zwi\u0105zku z tym&nbsp;<strong>Ks. proboszcz og\u0142asza co\nnast\u0119puje:<\/strong><br>\nDostosowujemy si\u0119 do obowi\u0105zuj\u0105cych przepis\u00f3w w ko\u015bciele \u015aw. Paw\u0142a i na Marias\nMinde.<\/p>\n\n\n\n<p>Je\u015bli jeste\u015b chory ,masz gor\u0105czk\u0119 lub inne symptomy , MUSISZ zosta\u0107 w domu \u2013 zach\u0119camy by uczestniczy\u0107 w Mszy \u015bwi\u0119tej na online.<br> W ko\u015bciele nie podajemy sobie rak na Znak Pokoju.<br> U\u017cywamy maseczki i wchodz\u0105c do ko\u015bcio\u0142a \u2013\u00a0<em>antibac<\/em>. Staramy si\u0119 zachowa\u0107 odleg\u0142o\u015b\u0107 od innych wiernych.<br> W ko\u015bciele podchodzimy do Komunii tylko w g\u0142\u00f3wnej nawie a wracamy bocznymi nawami.<br> Zalecana jest Komunia do ust.<\/p>\n\n\n\n<p>Kirkekaffe w Krypcie odwoluje si\u0119 na ten okres.<\/p>\n","protected":false},"excerpt":{"rendered":"<p>W Pierwsz\u0105 niedziel\u0119 Adwentu, 28.11. o godz 14.00 nasza parafia prowadzi nabo\u017ce\u0144stwo na Fl\u00f8ien \/ zapalenie adwentowego \u015bwiate\u0142ka. Poniewa\u017c Fl\u00f8ibanen<\/p>\n","protected":false},"author":3,"featured_media":0,"comment_status":"closed","ping_status":"closed","sticky":false,"template":"","format":"standard","meta":{"colormag_page_container_layout":"default_layout","colormag_page_sidebar_layout":"default_layout","_exactmetrics_skip_tracking":false,"_exactmetrics_sitenote_active":false,"_exactmetrics_sitenote_note":"","_exactmetrics_sitenote_category":0,"footnotes":""},"categories":[5],"tags":[],"class_list":["post-16617","post","type-post","status-publish","format-standard","hentry","category-polski"],"_links":{"self":[{"href":"https:\/\/bergen.katolsk.no\/index.php?rest_route=\/wp\/v2\/posts\/16617","targetHints":{"allow":["GET"]}}],"collection":[{"href":"https:\/\/bergen.katolsk.no\/index.php?rest_route=\/wp\/v2\/posts"}],"about":[{"href":"https:\/\/bergen.katolsk.no\/index.php?rest_route=\/wp\/v2\/types\/post"}],"author":[{"embeddable":true,"href":"https:\/\/bergen.katolsk.no\/index.php?rest_route=\/wp\/v2\/users\/3"}],"replies":[{"embeddable":true,"href":"https:\/\/bergen.katolsk.no\/index.php?rest_route=%2Fwp%2Fv2%2Fcomments&post=16617"}],"version-history":[{"count":3,"href":"https:\/\/bergen.katolsk.no\/index.php?rest_route=\/wp\/v2\/posts\/16617\/revisions"}],"predecessor-version":[{"id":16621,"href":"https:\/\/bergen.katolsk.no\/index.php?rest_route=\/wp\/v2\/posts\/16617\/revisions\/16621"}],"wp:attachment":[{"href":"https:\/\/bergen.katolsk.no\/index.php?rest_route=%2Fwp%2Fv2%2Fmedia&parent=16617"}],"wp:term":[{"taxonomy":"category","embeddable":true,"href":"https:\/\/bergen.katolsk.no\/index.php?rest_route=%2Fwp%2Fv2%2Fcategories&post=16617"},{"taxonomy":"post_tag","embeddable":true,"href":"https:\/\/bergen.katolsk.no\/index.php?rest_route=%2Fwp%2Fv2%2Ftags&post=16617"}],"curies":[{"name":"wp","href":"https:\/\/api.w.org\/{rel}","templated":true}]}}