{"id":16694,"date":"2021-12-17T14:08:18","date_gmt":"2021-12-17T14:08:18","guid":{"rendered":"https:\/\/bergen.katolsk.no\/?p=16694"},"modified":"2021-12-17T14:12:55","modified_gmt":"2021-12-17T14:12:55","slug":"kunngjoringer-sondag-19-desember-2021","status":"publish","type":"post","link":"https:\/\/bergen.katolsk.no\/?p=16694","title":{"rendered":"Kunngj\u00f8ringer s\u00f8ndag 19 desember 2021"},"content":{"rendered":"\n<figure class=\"wp-block-image size-large\"><img loading=\"lazy\" decoding=\"async\" width=\"417\" height=\"452\" src=\"https:\/\/bergen.katolsk.no\/wp-content\/uploads\/2020\/10\/St.-paul-2.jpg\" alt=\"\" class=\"wp-image-14811\" srcset=\"https:\/\/bergen.katolsk.no\/wp-content\/uploads\/2020\/10\/St.-paul-2.jpg 417w, https:\/\/bergen.katolsk.no\/wp-content\/uploads\/2020\/10\/St.-paul-2-277x300.jpg 277w\" sizes=\"auto, (max-width: 417px) 100vw, 417px\" \/><\/figure>\n\n\n\n<p>F\u00f8lgende regler gjelder for messene i v\u00e5re kirker: Det er igjen n\u00f8dvendig med elektronisk p\u00e5melding; man finner en link p\u00e5 menighetens nettside. <br>Vi f\u00e5r n\u00e5 bare lov til \u00e5 ha 50 i kirken ved hver messe. De m\u00e5 v\u00e6re registrert med navn og telefonnr.&nbsp;&nbsp;&nbsp;&nbsp;<br>Plassene i kirken er nummerert. Enhver skal sitte p\u00e5 den plassen som han\/hun har p\u00e5 p\u00e5meldingslisten.&nbsp;&nbsp;&nbsp;&nbsp;&nbsp;&nbsp;&nbsp;&nbsp;&nbsp;&nbsp;&nbsp; <br>Det m\u00e5 ogs\u00e5 v\u00e6re nok kirkevakter til \u00e5 passe p\u00e5 at reglene overholdes. &nbsp;&nbsp;&nbsp;&nbsp;&nbsp;&nbsp;&nbsp;<br>I Krypten, p\u00e5 Marias Minde og i hverdagsmessene, n\u00e5r det ikke er nok kirkevakter, f\u00e5r vi bare slippe inn 20 personer.&nbsp;&nbsp;&nbsp;&nbsp;&nbsp;&nbsp;&nbsp;&nbsp;&nbsp;&nbsp;&nbsp;&nbsp;&nbsp;&nbsp;&nbsp;&nbsp;&nbsp;&nbsp;&nbsp;&nbsp;&nbsp;&nbsp; &nbsp;&nbsp;&nbsp;&nbsp;&nbsp;&nbsp;&nbsp;&nbsp;&nbsp;&nbsp;&nbsp;&nbsp;&nbsp;&nbsp;&nbsp;&nbsp;&nbsp;&nbsp;&nbsp;&nbsp;&nbsp;&nbsp;&nbsp;&nbsp;&nbsp;&nbsp;<br>Alle skal bruke munnbind fra man kommer inn i kirken og under hele messen (unntatt n\u00e5r man mottar Den hl. Kommunion). Alle skal bli p\u00e5 sin plass under hele messen. Prestene vil komme rundt og dele ut kommunion.<br>Biskopen har bestemt at det bare er tillatt med h\u00e5ndkommunion.<br>Er man syk, har feber eller har v\u00e6rt i kontakt med noen som er syk, eller er i karantene, skal man holde seg hjemme. Ingen h\u00e5ndtrykk og klemming ved fredshilsenen eller ellers.<\/p>\n\n\n\n<p>&#8211;<strong>Barn som er blitt d\u00f8pt i utlandet,<\/strong> blir ikke\nautomatisk registrert i Kirkens register. Om du lurer p\u00e5 om ditt barn eller din\nfamilie er registrert, lever inn utfylt registreringsskjema som ligger bak i\nkirken. Husk at begge foreldre m\u00e5 underskrive skjemaet dersom barnet er under\n15 \u00e5r. Er barnet over 15 \u00e5r, m\u00e5 det underskrive selv. Skjema kan leveres inn til\nmenighetskontoret. <\/p>\n","protected":false},"excerpt":{"rendered":"<p>F\u00f8lgende regler gjelder for messene i v\u00e5re kirker: Det er igjen n\u00f8dvendig med elektronisk p\u00e5melding; man finner en link p\u00e5<\/p>\n","protected":false},"author":3,"featured_media":0,"comment_status":"closed","ping_status":"closed","sticky":false,"template":"","format":"standard","meta":{"colormag_page_container_layout":"default_layout","colormag_page_sidebar_layout":"default_layout","_exactmetrics_skip_tracking":false,"_exactmetrics_sitenote_active":false,"_exactmetrics_sitenote_note":"","_exactmetrics_sitenote_category":0,"footnotes":""},"categories":[4],"tags":[],"class_list":["post-16694","post","type-post","status-publish","format-standard","hentry","category-kunngjoring"],"_links":{"self":[{"href":"https:\/\/bergen.katolsk.no\/index.php?rest_route=\/wp\/v2\/posts\/16694","targetHints":{"allow":["GET"]}}],"collection":[{"href":"https:\/\/bergen.katolsk.no\/index.php?rest_route=\/wp\/v2\/posts"}],"about":[{"href":"https:\/\/bergen.katolsk.no\/index.php?rest_route=\/wp\/v2\/types\/post"}],"author":[{"embeddable":true,"href":"https:\/\/bergen.katolsk.no\/index.php?rest_route=\/wp\/v2\/users\/3"}],"replies":[{"embeddable":true,"href":"https:\/\/bergen.katolsk.no\/index.php?rest_route=%2Fwp%2Fv2%2Fcomments&post=16694"}],"version-history":[{"count":2,"href":"https:\/\/bergen.katolsk.no\/index.php?rest_route=\/wp\/v2\/posts\/16694\/revisions"}],"predecessor-version":[{"id":16701,"href":"https:\/\/bergen.katolsk.no\/index.php?rest_route=\/wp\/v2\/posts\/16694\/revisions\/16701"}],"wp:attachment":[{"href":"https:\/\/bergen.katolsk.no\/index.php?rest_route=%2Fwp%2Fv2%2Fmedia&parent=16694"}],"wp:term":[{"taxonomy":"category","embeddable":true,"href":"https:\/\/bergen.katolsk.no\/index.php?rest_route=%2Fwp%2Fv2%2Fcategories&post=16694"},{"taxonomy":"post_tag","embeddable":true,"href":"https:\/\/bergen.katolsk.no\/index.php?rest_route=%2Fwp%2Fv2%2Ftags&post=16694"}],"curies":[{"name":"wp","href":"https:\/\/api.w.org\/{rel}","templated":true}]}}