{"id":17390,"date":"2022-07-07T16:02:13","date_gmt":"2022-07-07T16:02:13","guid":{"rendered":"https:\/\/bergen.katolsk.no\/?p=17390"},"modified":"2022-07-07T19:26:46","modified_gmt":"2022-07-07T19:26:46","slug":"diakon-trym","status":"publish","type":"post","link":"https:\/\/bergen.katolsk.no\/?p=17390","title":{"rendered":"Diakon Trym"},"content":{"rendered":"\n<figure class=\"wp-block-image size-large\"><img loading=\"lazy\" decoding=\"async\" width=\"1000\" height=\"667\" src=\"https:\/\/bergen.katolsk.no\/wp-content\/uploads\/2022\/07\/tn_Etter_2.jpg\" alt=\"\" class=\"wp-image-17394\" srcset=\"https:\/\/bergen.katolsk.no\/wp-content\/uploads\/2022\/07\/tn_Etter_2.jpg 1000w, https:\/\/bergen.katolsk.no\/wp-content\/uploads\/2022\/07\/tn_Etter_2-300x200.jpg 300w, https:\/\/bergen.katolsk.no\/wp-content\/uploads\/2022\/07\/tn_Etter_2-768x512.jpg 768w, https:\/\/bergen.katolsk.no\/wp-content\/uploads\/2022\/07\/tn_Etter_2-956x638.jpg 956w\" sizes=\"auto, (max-width: 1000px) 100vw, 1000px\" \/><\/figure>\n\n\n\n<p>Trym Hellevig som kommer fra v\u00e5r menighet ble diakonviet i Roma onsdag 6. juli.<\/p>\n\n\n\n<p>Han skriver: &#8221; Da var dagen kommet, og sammen med min medbror Edward Hauschild ble jeg ordinert til diakonatet av biskop Nicholas Hudson. Jeg har enda ikke helt klart \u00e5 ta det helt til meg &#8211; hele denne dagen har v\u00e6rt totalt uvirkelig! Men for en velsignelse! Jeg er takknemlig for alle som kunne v\u00e6re her med meg i dag og for alle forb\u00f8nnene fra dere i hjemlandet. Jeg ser frem til \u00e5 komme hjem til Norge &#8211; for godt denne gangen &#8211; p\u00e5 s\u00f8ndag! &#8220;<\/p>\n\n\n\n<p>Menigheten gratulerer og \u00f8nsker ham velkommen tilbake til Norge!<\/p>\n\n\n\n<p>Vi ser frem til \u00e5 gratulere Trym med diakonatet n\u00e5r han kommer til Bergen om ikke s\u00e5 lenge, og vi kan forsikre ham om at menigheten har ham i v\u00e5re b\u00f8nner fremover.<\/p>\n\n\n\n<figure class=\"wp-block-image size-large\"><img loading=\"lazy\" decoding=\"async\" width=\"1000\" height=\"667\" src=\"https:\/\/bergen.katolsk.no\/wp-content\/uploads\/2022\/07\/tn_Litani_2.jpg\" alt=\"\" class=\"wp-image-17391\" srcset=\"https:\/\/bergen.katolsk.no\/wp-content\/uploads\/2022\/07\/tn_Litani_2.jpg 1000w, https:\/\/bergen.katolsk.no\/wp-content\/uploads\/2022\/07\/tn_Litani_2-300x200.jpg 300w, https:\/\/bergen.katolsk.no\/wp-content\/uploads\/2022\/07\/tn_Litani_2-768x512.jpg 768w, https:\/\/bergen.katolsk.no\/wp-content\/uploads\/2022\/07\/tn_Litani_2-956x638.jpg 956w\" sizes=\"auto, (max-width: 1000px) 100vw, 1000px\" \/><\/figure>\n\n\n\n<figure class=\"wp-block-image size-large\"><img loading=\"lazy\" decoding=\"async\" width=\"1000\" height=\"667\" src=\"https:\/\/bergen.katolsk.no\/wp-content\/uploads\/2022\/07\/tn_Offertorie_1.jpg\" alt=\"\" class=\"wp-image-17392\" srcset=\"https:\/\/bergen.katolsk.no\/wp-content\/uploads\/2022\/07\/tn_Offertorie_1.jpg 1000w, https:\/\/bergen.katolsk.no\/wp-content\/uploads\/2022\/07\/tn_Offertorie_1-300x200.jpg 300w, https:\/\/bergen.katolsk.no\/wp-content\/uploads\/2022\/07\/tn_Offertorie_1-768x512.jpg 768w, https:\/\/bergen.katolsk.no\/wp-content\/uploads\/2022\/07\/tn_Offertorie_1-956x638.jpg 956w\" sizes=\"auto, (max-width: 1000px) 100vw, 1000px\" \/><\/figure>\n\n\n\n<figure class=\"wp-block-image size-large\"><img loading=\"lazy\" decoding=\"async\" width=\"667\" height=\"1000\" src=\"https:\/\/bergen.katolsk.no\/wp-content\/uploads\/2022\/07\/tn_Recessio-rotated.jpg\" alt=\"\" class=\"wp-image-17393\" srcset=\"https:\/\/bergen.katolsk.no\/wp-content\/uploads\/2022\/07\/tn_Recessio-rotated.jpg 667w, https:\/\/bergen.katolsk.no\/wp-content\/uploads\/2022\/07\/tn_Recessio-200x300.jpg 200w\" sizes=\"auto, (max-width: 667px) 100vw, 667px\" \/><\/figure>\n","protected":false},"excerpt":{"rendered":"<p>Trym Hellevig som kommer fra v\u00e5r menighet ble diakonviet i Roma onsdag 6. juli. Han skriver: &#8221; Da var dagen<\/p>\n","protected":false},"author":6,"featured_media":0,"comment_status":"closed","ping_status":"closed","sticky":false,"template":"","format":"standard","meta":{"colormag_page_container_layout":"default_layout","colormag_page_sidebar_layout":"default_layout","_exactmetrics_skip_tracking":false,"_exactmetrics_sitenote_active":false,"_exactmetrics_sitenote_note":"","_exactmetrics_sitenote_category":0,"footnotes":""},"categories":[1],"tags":[],"class_list":["post-17390","post","type-post","status-publish","format-standard","hentry","category-aktuelt"],"_links":{"self":[{"href":"https:\/\/bergen.katolsk.no\/index.php?rest_route=\/wp\/v2\/posts\/17390","targetHints":{"allow":["GET"]}}],"collection":[{"href":"https:\/\/bergen.katolsk.no\/index.php?rest_route=\/wp\/v2\/posts"}],"about":[{"href":"https:\/\/bergen.katolsk.no\/index.php?rest_route=\/wp\/v2\/types\/post"}],"author":[{"embeddable":true,"href":"https:\/\/bergen.katolsk.no\/index.php?rest_route=\/wp\/v2\/users\/6"}],"replies":[{"embeddable":true,"href":"https:\/\/bergen.katolsk.no\/index.php?rest_route=%2Fwp%2Fv2%2Fcomments&post=17390"}],"version-history":[{"count":4,"href":"https:\/\/bergen.katolsk.no\/index.php?rest_route=\/wp\/v2\/posts\/17390\/revisions"}],"predecessor-version":[{"id":17402,"href":"https:\/\/bergen.katolsk.no\/index.php?rest_route=\/wp\/v2\/posts\/17390\/revisions\/17402"}],"wp:attachment":[{"href":"https:\/\/bergen.katolsk.no\/index.php?rest_route=%2Fwp%2Fv2%2Fmedia&parent=17390"}],"wp:term":[{"taxonomy":"category","embeddable":true,"href":"https:\/\/bergen.katolsk.no\/index.php?rest_route=%2Fwp%2Fv2%2Fcategories&post=17390"},{"taxonomy":"post_tag","embeddable":true,"href":"https:\/\/bergen.katolsk.no\/index.php?rest_route=%2Fwp%2Fv2%2Ftags&post=17390"}],"curies":[{"name":"wp","href":"https:\/\/api.w.org\/{rel}","templated":true}]}}