{"id":17702,"date":"2022-12-03T08:40:14","date_gmt":"2022-12-03T08:40:14","guid":{"rendered":"https:\/\/bergen.katolsk.no\/?p=17702"},"modified":"2022-12-03T08:40:15","modified_gmt":"2022-12-03T08:40:15","slug":"ogloszenia-parafialne-niedziela-4-grudnia-2022","status":"publish","type":"post","link":"https:\/\/bergen.katolsk.no\/?p=17702","title":{"rendered":"OG\u0141OSZENIA PARAFIALNE niedziela 4 grudnia 2022"},"content":{"rendered":"\n<p>Nasza parafia prowadzi nabo\u017ce\u0144stwo i zapalenie \u015bwiecy adwentowej na Fl\u00f8ien w nast\u0119pna niedziel\u0119 11<strong> <\/strong>grudnia o godz 13.15. \u00a0( a nie w dniu dzisiejszym jak b\u0142\u0119dnie og\u0142oszono). Przychodz\u0105c najp\u00f3\u017aniej o12.40 na doln\u0105 stacj\u0119 Fl\u00f8ibanen mo\u017cna dosta\u0107 bilet od ks. Erika \u2013 20 os\u00f3b. Zapraszamy.<\/p>\n\n\n\n<p>Nasz biskup i proboszcz postanowili, \u017ce w parafianie zaproszeni s\u0105 do rozm\u00f3w na temat naszej wsp\u00f3lnoty. Uczestniczymy w ten spos\u00f3b w \u00a0procesie synodalnym przygotowuj\u0105cym do Synodu o synodalno\u015bci og\u0142oszonego przez Ojca \u015awi\u0119tego. Grupy parafialne, etniczne i inne, b\u0119d\u0105 mia\u0142y spotkania na ten temat w najbli\u017cszym czasie. Rada Parafialna zaprasza r\u00f3wnie\u017c na otwarte spotkania w Krypcie we wszystkie czwartki w Adwencie o godz 18.00 .<\/p>\n\n\n\n<p>Caritas Bergen zatrudni\u0142o now\u0105 kierowniczk\u0119 \u2013 Marit\u0119 Moe Sandven. Marita jest katoliczk\u0105 w naszej parafii i przejmuje obowi\u0105zki od Hroara Espelanda,\u00a0 kt\u00f3ry przechodzi na emerytur\u0119. Przedstawimy Marit\u0119 parafianom podczas spotkania przy kawie w niedziel\u0119 4 grudnia po Sumie o godz 11.00<\/p>\n\n\n\n<p>-Katolsk Forum zaprasza na spotkanie w czwartek 8 grudnia o godz 19.45 w pokoju nauczycielskim. Tym razem tematem s\u0105 \u201eTradycje Bo\u017conarodzeniowe w r\u00f3\u017cnych grupach etenicznych\u201d \u00a0. Prrzedstawiciele trzech r\u00f3\u017cnych grup w naszej parafii b\u0119d\u0105 opowiada\u0107 o swoich tradycjach.<\/p>\n\n\n\n<p>W tym roku nie b\u0119dzie w parafii \u201eJulemarked\u201d \u00a0&#8211; zach\u0119camay do zakup\u00f3w w Krypcie, po Sumie, \u00a0gdzie grupa z Caritasu sprzedaje produkty robione na drutach. Mo\u017cna te\u017c naby\u0107 ksi\u0105\u017cki i kartki \u015bwi\u0105teczne w Krypcie i w Biurze Parafialnym.<\/p>\n\n\n\n<p>W nast\u0119pn\u0105 niedziele 11 grudnia zapraszamy m\u0142odzie\u017c w wieku 15 \u2013 19 lat ze wszystkich grup j\u0119zykowych na kateche<strong>z<\/strong>\u0119 z ks. Grzegorzem (Dom Gregor) w biurze parafialnym. Temat: \u00abJesus kommer i juletiden og p\u00e5 den ytterste dag\u00bb. Po spotkaniu mo\u017cliwo\u015b\u0107 spowiedzi.<\/p>\n","protected":false},"excerpt":{"rendered":"<p>Nasza parafia prowadzi nabo\u017ce\u0144stwo i zapalenie \u015bwiecy adwentowej na Fl\u00f8ien w nast\u0119pna niedziel\u0119 11 grudnia o godz 13.15. \u00a0( a<\/p>\n","protected":false},"author":3,"featured_media":0,"comment_status":"closed","ping_status":"closed","sticky":false,"template":"","format":"standard","meta":{"colormag_page_container_layout":"default_layout","colormag_page_sidebar_layout":"default_layout","_exactmetrics_skip_tracking":false,"_exactmetrics_sitenote_active":false,"_exactmetrics_sitenote_note":"","_exactmetrics_sitenote_category":0,"footnotes":""},"categories":[5],"tags":[],"class_list":["post-17702","post","type-post","status-publish","format-standard","hentry","category-polski"],"_links":{"self":[{"href":"https:\/\/bergen.katolsk.no\/index.php?rest_route=\/wp\/v2\/posts\/17702","targetHints":{"allow":["GET"]}}],"collection":[{"href":"https:\/\/bergen.katolsk.no\/index.php?rest_route=\/wp\/v2\/posts"}],"about":[{"href":"https:\/\/bergen.katolsk.no\/index.php?rest_route=\/wp\/v2\/types\/post"}],"author":[{"embeddable":true,"href":"https:\/\/bergen.katolsk.no\/index.php?rest_route=\/wp\/v2\/users\/3"}],"replies":[{"embeddable":true,"href":"https:\/\/bergen.katolsk.no\/index.php?rest_route=%2Fwp%2Fv2%2Fcomments&post=17702"}],"version-history":[{"count":1,"href":"https:\/\/bergen.katolsk.no\/index.php?rest_route=\/wp\/v2\/posts\/17702\/revisions"}],"predecessor-version":[{"id":17703,"href":"https:\/\/bergen.katolsk.no\/index.php?rest_route=\/wp\/v2\/posts\/17702\/revisions\/17703"}],"wp:attachment":[{"href":"https:\/\/bergen.katolsk.no\/index.php?rest_route=%2Fwp%2Fv2%2Fmedia&parent=17702"}],"wp:term":[{"taxonomy":"category","embeddable":true,"href":"https:\/\/bergen.katolsk.no\/index.php?rest_route=%2Fwp%2Fv2%2Fcategories&post=17702"},{"taxonomy":"post_tag","embeddable":true,"href":"https:\/\/bergen.katolsk.no\/index.php?rest_route=%2Fwp%2Fv2%2Ftags&post=17702"}],"curies":[{"name":"wp","href":"https:\/\/api.w.org\/{rel}","templated":true}]}}