{"id":17776,"date":"2022-12-31T11:36:24","date_gmt":"2022-12-31T11:36:24","guid":{"rendered":"https:\/\/bergen.katolsk.no\/?p=17776"},"modified":"2023-01-13T16:05:27","modified_gmt":"2023-01-13T16:05:27","slug":"pave-benedikt-er-dod","status":"publish","type":"post","link":"https:\/\/bergen.katolsk.no\/?p=17776","title":{"rendered":"Pave Benedikt er d\u00f8d"},"content":{"rendered":"\n<figure class=\"wp-block-image size-large\"><img loading=\"lazy\" decoding=\"async\" width=\"169\" height=\"81\" src=\"https:\/\/bergen.katolsk.no\/wp-content\/uploads\/2022\/12\/Skjermbilde-217-1.png\" alt=\"\" class=\"wp-image-17777\"\/><\/figure>\n\n\n\n<p>Pave Emeritus Benedikt XVI d\u00f8de den 31. desember 2022, 95 \u00e5r gammel.<\/p>\n\n\n\n<p><em>Requiescat in pace.<\/em><\/p>\n\n\n\n<p>F\u00f8rstkommende tirsdag, 3. januar , feires requiemmesse for v\u00e5r tidligere pave kl 19.00 i St. Paul kirke.<\/p>\n\n\n\n<p>Pave Benedikt begraves torsdag 5. januar 2023.  <br>Pave Frans vil feire begravelsesmessen i Peterskirken torsdag 5. januar kl. 9.30.<\/p>\n\n\n\n<p>Fra og med mandag 2. januar vil avd\u00f8de pave Benedikt ligge p\u00e5 likseng i Peterskirken<\/p>\n\n\n\n<p>Les mer p\u00e5 <a rel=\"noreferrer noopener\" href=\"https:\/\/www.katolsk.no\/\" target=\"_blank\">katolsk.no<\/a> og <a rel=\"noreferrer noopener\" href=\"https:\/\/www.ewtn.no\/\" target=\"_blank\">Sta Rita Radio <\/a><\/p>\n\n\n\n<figure class=\"wp-block-embed-youtube wp-block-embed is-type-video is-provider-youtube wp-embed-aspect-4-3 wp-has-aspect-ratio wp-embed-aspect-16-9\"><div class=\"wp-block-embed__wrapper\">\n<iframe loading=\"lazy\" title=\"Pontifikal requiemmesse for pave emeritus Benedikt XVI\" width=\"800\" height=\"450\" src=\"https:\/\/www.youtube.com\/embed\/NNKibL_L6xM?feature=oembed\" frameborder=\"0\" allow=\"accelerometer; autoplay; clipboard-write; encrypted-media; gyroscope; picture-in-picture; web-share\" referrerpolicy=\"strict-origin-when-cross-origin\" allowfullscreen><\/iframe>\n<\/div><\/figure>\n\n\n\n<p><br><\/p>\n","protected":false},"excerpt":{"rendered":"<p>Pave Emeritus Benedikt XVI d\u00f8de den 31. desember 2022, 95 \u00e5r gammel. Requiescat in pace. F\u00f8rstkommende tirsdag, 3. januar ,<\/p>\n","protected":false},"author":3,"featured_media":0,"comment_status":"closed","ping_status":"closed","sticky":false,"template":"","format":"standard","meta":{"colormag_page_container_layout":"default_layout","colormag_page_sidebar_layout":"default_layout","_exactmetrics_skip_tracking":false,"_exactmetrics_sitenote_active":false,"_exactmetrics_sitenote_note":"","_exactmetrics_sitenote_category":0,"footnotes":""},"categories":[1],"tags":[],"class_list":["post-17776","post","type-post","status-publish","format-standard","hentry","category-aktuelt"],"_links":{"self":[{"href":"https:\/\/bergen.katolsk.no\/index.php?rest_route=\/wp\/v2\/posts\/17776","targetHints":{"allow":["GET"]}}],"collection":[{"href":"https:\/\/bergen.katolsk.no\/index.php?rest_route=\/wp\/v2\/posts"}],"about":[{"href":"https:\/\/bergen.katolsk.no\/index.php?rest_route=\/wp\/v2\/types\/post"}],"author":[{"embeddable":true,"href":"https:\/\/bergen.katolsk.no\/index.php?rest_route=\/wp\/v2\/users\/3"}],"replies":[{"embeddable":true,"href":"https:\/\/bergen.katolsk.no\/index.php?rest_route=%2Fwp%2Fv2%2Fcomments&post=17776"}],"version-history":[{"count":5,"href":"https:\/\/bergen.katolsk.no\/index.php?rest_route=\/wp\/v2\/posts\/17776\/revisions"}],"predecessor-version":[{"id":17820,"href":"https:\/\/bergen.katolsk.no\/index.php?rest_route=\/wp\/v2\/posts\/17776\/revisions\/17820"}],"wp:attachment":[{"href":"https:\/\/bergen.katolsk.no\/index.php?rest_route=%2Fwp%2Fv2%2Fmedia&parent=17776"}],"wp:term":[{"taxonomy":"category","embeddable":true,"href":"https:\/\/bergen.katolsk.no\/index.php?rest_route=%2Fwp%2Fv2%2Fcategories&post=17776"},{"taxonomy":"post_tag","embeddable":true,"href":"https:\/\/bergen.katolsk.no\/index.php?rest_route=%2Fwp%2Fv2%2Ftags&post=17776"}],"curies":[{"name":"wp","href":"https:\/\/api.w.org\/{rel}","templated":true}]}}