{"id":18489,"date":"2023-06-23T14:13:49","date_gmt":"2023-06-23T14:13:49","guid":{"rendered":"https:\/\/bergen.katolsk.no\/?p=18489"},"modified":"2023-06-23T14:15:21","modified_gmt":"2023-06-23T14:15:21","slug":"kunngjoringer-sondag-25-juni-2023","status":"publish","type":"post","link":"https:\/\/bergen.katolsk.no\/?p=18489","title":{"rendered":"KUNNGJ\u00d8RINGER S\u00d8NDAG 25. JUNI 2023"},"content":{"rendered":"\n<p>&#8211; Det\ner n\u00e5 tid for \u00e5 melde p\u00e5 barn og unge i alle aldre til oppstart katekese etter\nsommeren. Fyll ut skjema som du finner b\u00e5de p\u00e5 menighetens nettside og bak i\nkirken, &#8211; eller ta kontakt p\u00e5 menighetskontoret.<\/p>\n\n\n\n<figure class=\"wp-block-image size-large\"><img loading=\"lazy\" decoding=\"async\" width=\"425\" height=\"640\" src=\"https:\/\/bergen.katolsk.no\/wp-content\/uploads\/2014\/10\/Kosciol.jpg\" alt=\"\" class=\"wp-image-10\" srcset=\"https:\/\/bergen.katolsk.no\/wp-content\/uploads\/2014\/10\/Kosciol.jpg 425w, https:\/\/bergen.katolsk.no\/wp-content\/uploads\/2014\/10\/Kosciol-199x300.jpg 199w\" sizes=\"auto, (max-width: 425px) 100vw, 425px\" \/><\/figure>\n\n\n\n<p>&#8211; <strong>Sommerordning p\u00e5 Menighetskontoret.<\/strong> Grunnet ferieavvikling, vil Menighetskontoret ha innskrenket \u00e5pningstid fra 3. til 24. juli. Kontoret vil v\u00e6re betjent <strong>onsdag 5. og 12.juli fra kl. 10 til kl. 15.<\/strong> Andre ukedager kan man ringe p\u00e5 d\u00f8rklokken hos den man vil snakke med eller ringe menighetens <strong>telefonnr.: 55215950.<\/strong> Telefonen vil automatisk bli satt over til vakthavende prest.<\/p>\n\n\n\n<p>&#8211; Pga. ferieavviklingen\nblir det visse endringer n\u00e5r det gjelder messer og andakter i juli og august.<\/p>\n\n\n\n<p><strong>*<\/strong> Tilbedelser og rosenkransandakter faller bort.<\/p>\n\n\n\n<p><strong>*<\/strong> Nasjonale messer faller bort. Unntak kan v\u00e6re der\nhvor det er en nasjonalsjeles\u00f8rger til stede i Bergen i sommer. Da m\u00e5 man ta\nkontakt med ham direkte.<\/p>\n\n\n\n<p><strong>*<\/strong> Ogs\u00e5 messer i distrikter faller bort.<\/p>\n\n\n\n<p>Vi kommer tilbake til\nnormal gudstjenesteplan mot slutten av august.<\/p>\n\n\n\n<p>&#8211; Det blir ingen kirkekaffe\ni skoleferien.<\/p>\n","protected":false},"excerpt":{"rendered":"<p>&#8211; Det er n\u00e5 tid for \u00e5 melde p\u00e5 barn og unge i alle aldre til oppstart katekese etter sommeren.<\/p>\n","protected":false},"author":7,"featured_media":0,"comment_status":"closed","ping_status":"closed","sticky":false,"template":"","format":"standard","meta":{"colormag_page_container_layout":"default_layout","colormag_page_sidebar_layout":"default_layout","_exactmetrics_skip_tracking":false,"_exactmetrics_sitenote_active":false,"_exactmetrics_sitenote_note":"","_exactmetrics_sitenote_category":0,"footnotes":""},"categories":[4],"tags":[],"class_list":["post-18489","post","type-post","status-publish","format-standard","hentry","category-kunngjoring"],"_links":{"self":[{"href":"https:\/\/bergen.katolsk.no\/index.php?rest_route=\/wp\/v2\/posts\/18489","targetHints":{"allow":["GET"]}}],"collection":[{"href":"https:\/\/bergen.katolsk.no\/index.php?rest_route=\/wp\/v2\/posts"}],"about":[{"href":"https:\/\/bergen.katolsk.no\/index.php?rest_route=\/wp\/v2\/types\/post"}],"author":[{"embeddable":true,"href":"https:\/\/bergen.katolsk.no\/index.php?rest_route=\/wp\/v2\/users\/7"}],"replies":[{"embeddable":true,"href":"https:\/\/bergen.katolsk.no\/index.php?rest_route=%2Fwp%2Fv2%2Fcomments&post=18489"}],"version-history":[{"count":2,"href":"https:\/\/bergen.katolsk.no\/index.php?rest_route=\/wp\/v2\/posts\/18489\/revisions"}],"predecessor-version":[{"id":18491,"href":"https:\/\/bergen.katolsk.no\/index.php?rest_route=\/wp\/v2\/posts\/18489\/revisions\/18491"}],"wp:attachment":[{"href":"https:\/\/bergen.katolsk.no\/index.php?rest_route=%2Fwp%2Fv2%2Fmedia&parent=18489"}],"wp:term":[{"taxonomy":"category","embeddable":true,"href":"https:\/\/bergen.katolsk.no\/index.php?rest_route=%2Fwp%2Fv2%2Fcategories&post=18489"},{"taxonomy":"post_tag","embeddable":true,"href":"https:\/\/bergen.katolsk.no\/index.php?rest_route=%2Fwp%2Fv2%2Ftags&post=18489"}],"curies":[{"name":"wp","href":"https:\/\/api.w.org\/{rel}","templated":true}]}}