{"id":18955,"date":"2023-12-14T14:13:07","date_gmt":"2023-12-14T14:13:07","guid":{"rendered":"https:\/\/bergen.katolsk.no\/?p=18955"},"modified":"2024-01-04T17:11:56","modified_gmt":"2024-01-04T17:11:56","slug":"julemesser-i-st-paul-menighet-2023","status":"publish","type":"post","link":"https:\/\/bergen.katolsk.no\/?p=18955","title":{"rendered":"JULEMESSER I ST. PAUL MENIGHET 2023"},"content":{"rendered":"\n<figure class=\"wp-block-image size-large\"><img loading=\"lazy\" decoding=\"async\" width=\"1024\" height=\"995\" src=\"https:\/\/bergen.katolsk.no\/wp-content\/uploads\/2023\/12\/20171125_101116-1024x995-2.jpg\" alt=\"\" class=\"wp-image-18956\" srcset=\"https:\/\/bergen.katolsk.no\/wp-content\/uploads\/2023\/12\/20171125_101116-1024x995-2.jpg 1024w, https:\/\/bergen.katolsk.no\/wp-content\/uploads\/2023\/12\/20171125_101116-1024x995-2-300x292.jpg 300w, https:\/\/bergen.katolsk.no\/wp-content\/uploads\/2023\/12\/20171125_101116-1024x995-2-768x746.jpg 768w, https:\/\/bergen.katolsk.no\/wp-content\/uploads\/2023\/12\/20171125_101116-1024x995-2-956x929.jpg 956w\" sizes=\"auto, (max-width: 1024px) 100vw, 1024px\" \/><\/figure>\n\n\n\n<p><strong>St. Paul kirke og Marias MInde &#8211; for St. Olavs Senter Voss, se nedover<\/strong><\/p>\n\n\n\n<p><strong>S\u00f8ndag, 24\/12, 2023 4. s\u00f8ndag i Advent:<\/strong><br>09.00 Norsk messe St Paul&nbsp;&nbsp;&nbsp;&nbsp;&nbsp;&nbsp;&nbsp;&nbsp;&nbsp;&nbsp;&nbsp; &nbsp;&nbsp; &nbsp;&nbsp;&nbsp;&nbsp; <br>11.00 Norsk H\u00f8ymesse St Paul&nbsp;&nbsp;&nbsp;&nbsp; &nbsp;&nbsp; &nbsp;&nbsp;&nbsp;&nbsp; <br>12.00 Polsk messe p\u00e5 Marias Minde&nbsp;&nbsp;&nbsp;&nbsp; <\/p>\n\n\n\n<p><strong>Julaften<\/strong><br>13.00 Norsk Familiemesse St Paul\u00a0\u00a0\u00a0\u00a0\u00a0\u00a0\u00a0 <br>15.00 Polsk messe St Paul\u00a0\u00a0\u00a0\u00a0\u00a0\u00a0\u00a0\u00a0\u00a0\u00a0\u00a0\u00a0\u00a0\u00a0\u00a0\u00a0\u00a0<br> 18.00 Norsk messe p\u00e5 Marias Minde<br> 18.00 Vietnamesisk messe St Paul\u00a0\u00a0<br> 21.00 Polsk messe St Paul\u00a0\u00a0\u00a0\u00a0\u00a0\u00a0\u00a0\u00a0\u00a0\u00a0\u00a0\u00a0\u00a0\u00a0\u00a0\u00a0\u00a0\u00a0<br>23.00 Norsk Midnattsmesse i St. Paul\u00a0  <br><br><strong>Mandag, 25\/12 2023 1. Juledag<\/strong><br>10.00 Norsk messe p\u00e5 Marias Minde\u00a0\u00a0\u00a0<br>11.00 Norsk H\u00f8ymesse St Paul\u00a0\u00a0\u00a0\u00a0\u00a0<br>12.00 Polsk messe p\u00e5 Marias Minde\u00a0\u00a0\u00a0\u00a0 \u00a0\u00a0\u00a0\u00a0\u00a0\u00a0\u00a0\u00a0\u00a0\u00a0\u00a0\u00a0\u00a0\u00a0\u00a0\u00a0\u00a0\u00a0\u00a0\u00a0\u00a0\u00a0\u00a0\u00a0\u00a0\u00a0\u00a0\u00a0<br>13.00 Vietnamesisk messe St Paul\u00a0\u00a0\u00a0\u00a0\u00a0\u00a0\u00a0 <br>15.00 Polsk messe St Paul\u00a0\u00a0\u00a0\u00a0\u00a0\u00a0\u00a0\u00a0\u00a0\u00a0\u00a0\u00a0\u00a0\u00a0\u00a0\u00a0\u00a0\u00a0\u00a0\u00a0 <br>16.30 Tamilsk messe St Paul\u00a0\u00a0\u00a0\u00a0\u00a0\u00a0\u00a0\u00a0\u00a0\u00a0\u00a0\u00a0\u00a0\u00a0\u00a0\u00a0 <br>18.00 Engelsk messe St Paul\u00a0\u00a0\u00a0\u00a0\u00a0\u00a0\u00a0\u00a0\u00a0\u00a0\u00a0\u00a0\u00a0\u00a0\u00a0\u00a0 <br>19.30 Polsk messe St Paul\u00a0\u00a0\u00a0\u00a0\u00a0\u00a0\u00a0\u00a0\u00a0\u00a0\u00a0\u00a0\u00a0\u00a0\u00a0\u00a0\u00a0\u00a0\u00a0<br><br><strong>Tirsdag, 26\/12 2023 2. Juledag, St. Stefanus<\/strong> <br>10.00 Norsk messe p\u00e5 Marias Minde \u00a0\u00a0 <br>11.00 Norsk messe St Paul\u00a0\u00a0\u00a0\u00a0\u00a0\u00a0\u00a0\u00a0\u00a0\u00a0\u00a0\u00a0\u00a0\u00a0\u00a0\u00a0\u00a0\u00a0\u00a0 <br>12.00 Polsk messe p\u00e5 Marias Minde \u00a0\u00a0\u00a0 <br>13.00 Vietnamesisk messe St Paul\u00a0\u00a0\u00a0\u00a0\u00a0\u00a0\u00a0 <br>15.00 Polsk messe St Paul\u00a0\u00a0\u00a0\u00a0\u00a0\u00a0\u00a0\u00a0\u00a0\u00a0\u00a0\u00a0\u00a0\u00a0\u00a0\u00a0\u00a0\u00a0\u00a0\u00a0 <br>16.30 Tamilsk messe St Paul\u00a0\u00a0\u00a0\u00a0\u00a0\u00a0\u00a0\u00a0\u00a0\u00a0\u00a0\u00a0\u00a0\u00a0\u00a0\u00a0 <br>18.00 Engelsk\/filippinsk messe St Paul <br><br><strong>S\u00f8ndag 31.12.2023 Nytt\u00e5rsaften<\/strong><br>09.00 Norsk messe St Paul\u00a0\u00a0\u00a0\u00a0\u00a0\u00a0\u00a0\u00a0\u00a0\u00a0\u00a0\u00a0\u00a0\u00a0\u00a0\u00a0\u00a0\u00a0\u00a0 <br>10.00 Norsk messe p\u00e5 Marias Minde\u00a0\u00a0\u00a0 <br>11.00 H\u00f8ymesse St Paul\u00a0\u00a0\u00a0\u00a0\u00a0\u00a0\u00a0\u00a0\u00a0\u00a0\u00a0\u00a0\u00a0\u00a0\u00a0\u00a0\u00a0\u00a0\u00a0\u00a0\u00a0\u00a0\u00a0 <br>12.00 Polsk messe p\u00e5 Marias Minde\u00a0\u00a0\u00a0\u00a0 <br>15.00 Polsk messe St Paul<br>18.00Engelsk messe St.Paul\u00a0\u00a0\u00a0\u00a0\u00a0\u00a0\u00a0\u00a0\u00a0\u00a0\u00a0\u00a0\u00a0\u00a0\u00a0\u00a0\u00a0\u00a0\u00a0\u00a0 <br>19.30 Polsk messe St Paul\u00a0\u00a0\u00a0\u00a0\u00a0\u00a0\u00a0\u00a0\u00a0\u00a0\u00a0\u00a0\u00a0\u00a0\u00a0\u00a0\u00a0\u00a0\u00a0\u00a0 <br>23.00 Tamilsk takkemesse m\/tilbedelse <\/p>\n\n\n\n<p><strong>Mandag, 1\/1 2024&nbsp;  1. Nytt\u00e5rsdag\/Maria, Guds mor&nbsp;&nbsp;<\/strong>&nbsp; <br>10.00 Norsk messe p\u00e5 Marias Minde&nbsp;&nbsp;&nbsp; <br>11.00 Norsk H\u00f8ymesse St Paul&nbsp;&nbsp;&nbsp;&nbsp;&nbsp;&nbsp;&nbsp;&nbsp;&nbsp;&nbsp;&nbsp;&nbsp; <br>12.00 Polsk messe p\u00e5 Marias Minde&nbsp;&nbsp;&nbsp;&nbsp; <br>13.00 Tamilsk messe St Paul&nbsp;&nbsp;&nbsp;&nbsp;&nbsp;&nbsp;&nbsp;&nbsp;&nbsp;&nbsp;&nbsp;&nbsp;&nbsp;&nbsp;&nbsp;&nbsp; <br>15.00 Polsk messe St Paul&nbsp;&nbsp;&nbsp;&nbsp;&nbsp;&nbsp;&nbsp;&nbsp;&nbsp;&nbsp;&nbsp;&nbsp;&nbsp;&nbsp;&nbsp;&nbsp;&nbsp;&nbsp;&nbsp;&nbsp; <br> 18.00 Engelsk messe St Paul&nbsp;&nbsp;&nbsp;&nbsp;&nbsp;&nbsp;&nbsp;&nbsp;&nbsp;&nbsp;&nbsp;&nbsp;&nbsp;&nbsp;&nbsp;&nbsp; <\/p>\n\n\n\n<p><strong>L\u00f8rdag, 6\/1 2024<\/strong>&nbsp;&nbsp;&nbsp; <br>18.00 Latinsk messe St Paul&nbsp;&nbsp;&nbsp;&nbsp;&nbsp;&nbsp;&nbsp;&nbsp;&nbsp;&nbsp;&nbsp;&nbsp;&nbsp;&nbsp;&nbsp;&nbsp;&nbsp; <br>19.30 Polsk messe St Paul&nbsp;&nbsp;&nbsp;&nbsp;&nbsp;&nbsp;&nbsp;&nbsp;&nbsp;&nbsp;&nbsp;&nbsp;&nbsp;&nbsp;&nbsp;&nbsp;&nbsp;&nbsp;&nbsp;&nbsp; <\/p>\n\n\n\n<p><strong>S\u00f8ndag, 7\/1 2024 Epifani\/Hellig tre kongers dag<\/strong><br>9.00 Norsk messe St Paul&nbsp;&nbsp;&nbsp;&nbsp;&nbsp;&nbsp;&nbsp;&nbsp;&nbsp;&nbsp;&nbsp;&nbsp;&nbsp;&nbsp;&nbsp;&nbsp;&nbsp;&nbsp;&nbsp;&nbsp;&nbsp; <br> 10.00 Messe p\u00e5 Marias Minde&nbsp;&nbsp;&nbsp;&nbsp;&nbsp;&nbsp;&nbsp;&nbsp;&nbsp;&nbsp;&nbsp;&nbsp;&nbsp; <br> 11.00 Norsk H\u00f8ymesse St Paul&nbsp;&nbsp;&nbsp;&nbsp;&nbsp;&nbsp;&nbsp;&nbsp;&nbsp;&nbsp;&nbsp;&nbsp; <br>12.00 Polsk messe p\u00e5 Marias Minde&nbsp;&nbsp;&nbsp;&nbsp; <br>13.00 Familiemesse St Paul&nbsp;&nbsp;&nbsp;&nbsp;&nbsp;&nbsp;&nbsp;&nbsp;&nbsp;&nbsp; &nbsp;&nbsp;&nbsp;&nbsp;&nbsp;&nbsp;&nbsp; &nbsp;&nbsp;&nbsp;&nbsp;&nbsp;&nbsp;&nbsp;&nbsp;&nbsp;&nbsp;&nbsp;&nbsp;&nbsp;&nbsp;&nbsp; &nbsp;&nbsp;&nbsp;&nbsp;&nbsp;&nbsp;&nbsp;&nbsp;&nbsp;&nbsp;&nbsp;&nbsp;&nbsp;&nbsp;&nbsp; &nbsp;&nbsp;&nbsp;&nbsp;&nbsp;&nbsp;<br>&nbsp;15.00 Polsk messe St Paul&nbsp;&nbsp;&nbsp;&nbsp;&nbsp;&nbsp;&nbsp;&nbsp;&nbsp;&nbsp;&nbsp;&nbsp;&nbsp;&nbsp;&nbsp;&nbsp;&nbsp;&nbsp;&nbsp;&nbsp; <br>18.00 Engelsk messe St Paul&nbsp;&nbsp;&nbsp;&nbsp;&nbsp;&nbsp;&nbsp;&nbsp;&nbsp;&nbsp;&nbsp;&nbsp;&nbsp;&nbsp;<br> 19.30 Polsk messe St Paul&nbsp;&nbsp;&nbsp;&nbsp;&nbsp;&nbsp;&nbsp;&nbsp;&nbsp;&nbsp;&nbsp;&nbsp;&nbsp;&nbsp;&nbsp;&nbsp;&nbsp;&nbsp;&nbsp;&nbsp; <\/p>\n\n\n\n<p><strong>VOSS, St. Olavs Senter<\/strong><br><strong>S\u00f8ndag, 24.12.2023 Julaften<\/strong> &nbsp;&nbsp;&nbsp;&nbsp;&nbsp;&nbsp;&nbsp; <br>11.00 Engelsk\/filippinsk messe<br><strong>Mandag, 25\/12 2023 1. Juleda<\/strong>g&nbsp;&nbsp;&nbsp;&nbsp; 1<br>11.00 Norsk messe<br>12.30 Polsk messe<br><strong>Tirsdag, 26\/12 2023 St. Stefanus<\/strong>&nbsp;&nbsp; <br>11.00 Norsk messe<br><strong>Mandag,1\/12024 Guds Mor, Maria<\/strong><br>11.00 Polsk h\u00f8ymesse<br><strong>S\u00f8ndag, 7\/1 2024&nbsp;&nbsp; Epifan<\/strong>i&nbsp;&nbsp;&nbsp;&nbsp;&nbsp;&nbsp;&nbsp;&nbsp;&nbsp;&nbsp;&nbsp; <br>11.00 Polsk messe<\/p>\n","protected":false},"excerpt":{"rendered":"<p>St. Paul kirke og Marias MInde &#8211; for St. Olavs Senter Voss, se nedover S\u00f8ndag, 24\/12, 2023 4. s\u00f8ndag i<\/p>\n","protected":false},"author":3,"featured_media":0,"comment_status":"closed","ping_status":"closed","sticky":false,"template":"","format":"standard","meta":{"colormag_page_container_layout":"default_layout","colormag_page_sidebar_layout":"default_layout","_exactmetrics_skip_tracking":false,"_exactmetrics_sitenote_active":false,"_exactmetrics_sitenote_note":"","_exactmetrics_sitenote_category":0,"footnotes":""},"categories":[1],"tags":[],"class_list":["post-18955","post","type-post","status-publish","format-standard","hentry","category-aktuelt"],"_links":{"self":[{"href":"https:\/\/bergen.katolsk.no\/index.php?rest_route=\/wp\/v2\/posts\/18955","targetHints":{"allow":["GET"]}}],"collection":[{"href":"https:\/\/bergen.katolsk.no\/index.php?rest_route=\/wp\/v2\/posts"}],"about":[{"href":"https:\/\/bergen.katolsk.no\/index.php?rest_route=\/wp\/v2\/types\/post"}],"author":[{"embeddable":true,"href":"https:\/\/bergen.katolsk.no\/index.php?rest_route=\/wp\/v2\/users\/3"}],"replies":[{"embeddable":true,"href":"https:\/\/bergen.katolsk.no\/index.php?rest_route=%2Fwp%2Fv2%2Fcomments&post=18955"}],"version-history":[{"count":5,"href":"https:\/\/bergen.katolsk.no\/index.php?rest_route=\/wp\/v2\/posts\/18955\/revisions"}],"predecessor-version":[{"id":18963,"href":"https:\/\/bergen.katolsk.no\/index.php?rest_route=\/wp\/v2\/posts\/18955\/revisions\/18963"}],"wp:attachment":[{"href":"https:\/\/bergen.katolsk.no\/index.php?rest_route=%2Fwp%2Fv2%2Fmedia&parent=18955"}],"wp:term":[{"taxonomy":"category","embeddable":true,"href":"https:\/\/bergen.katolsk.no\/index.php?rest_route=%2Fwp%2Fv2%2Fcategories&post=18955"},{"taxonomy":"post_tag","embeddable":true,"href":"https:\/\/bergen.katolsk.no\/index.php?rest_route=%2Fwp%2Fv2%2Ftags&post=18955"}],"curies":[{"name":"wp","href":"https:\/\/api.w.org\/{rel}","templated":true}]}}