{"id":19602,"date":"2024-04-19T14:37:29","date_gmt":"2024-04-19T14:37:29","guid":{"rendered":"https:\/\/bergen.katolsk.no\/?p=19602"},"modified":"2024-04-19T17:29:44","modified_gmt":"2024-04-19T17:29:44","slug":"kunngjoringer-sondag-21-apr-2024","status":"publish","type":"post","link":"https:\/\/bergen.katolsk.no\/?p=19602","title":{"rendered":"KUNNGJ\u00d8RINGER S\u00d8NDAG 21. APR 2024"},"content":{"rendered":"\n<figure class=\"wp-block-image size-full\"><a href=\"https:\/\/bergen.katolsk.no\/wp-content\/uploads\/2024\/01\/St.-paul-Kirke2.jpg\"><img loading=\"lazy\" decoding=\"async\" width=\"425\" height=\"640\" src=\"https:\/\/bergen.katolsk.no\/wp-content\/uploads\/2024\/01\/St.-paul-Kirke2.jpg\" alt=\"\" class=\"wp-image-19012\" srcset=\"https:\/\/bergen.katolsk.no\/wp-content\/uploads\/2024\/01\/St.-paul-Kirke2.jpg 425w, https:\/\/bergen.katolsk.no\/wp-content\/uploads\/2024\/01\/St.-paul-Kirke2-199x300.jpg 199w\" sizes=\"auto, (max-width: 425px) 100vw, 425px\" \/><\/a><\/figure>\n\n\n\n<div style=\"height:17px\" aria-hidden=\"true\" class=\"wp-block-spacer\"><\/div>\n\n\n\n<p>&#8211; Menighetens Vipps-funksjon er blitt forandret: N\u00e5r man n\u00e5 betaler via Vipps, kan man velge mellom tre kategorier: kollekt\/gaver, kirkekaffe og kj\u00f8p av b\u00f8ker og lys. Dette hjelper oss \u00e5 f\u00e5 bedre oversikt over menighetens regnskap.<\/p>\n\n\n\n<p>I m\u00e5nedsskiftet april\/mai kommer vi i tillegg til \u00e5 aktivere skattefradragsordningen p\u00e5 Vipps: Hvis du \u00f8nsker at din kollekt\/gave registreres, m\u00e5 du gi menigheten tillatelse til \u00e5 hente inn ditt navn og personnummer. Dette trenges kun \u00e5 gj\u00f8re \u00e9n gang, deretter registreres alle kollekter og gaver automatisk. Mer informasjon og en detaljert veiledning finnes p\u00e5 menighetens nettside.<\/p>\n\n\n\n<p>&#8211; Menigheten vil arrangere en pilegrimstur til Polen 16-23. september. Turen vil bli p\u00e5 norsk. Det arrangeres et informasjonsm\u00f8te om turen i dag (s\u00f8ndag, 21. april), etter h\u00f8ymessen i arenaen p\u00e5 skolen.<\/p>\n\n\n\n<p>&#8211; Mandag, 22. april inviteres eldre katolikker igjen til samv\u00e6r i Birgittakjelleren etter kl. 11-messen. Det blir te, kaffe, prat og sang.<strong><\/strong><\/p>\n\n\n\n<p>&#8211; Caritas Bergen kaller inn til \u00e5rsm\u00f8te, tirsdag 23. april, kl. 18.00 i lokalene til Caritas Bergen, Sigurdsgate 8. Alle medlemmer av St. Paul menighet som har fylt 18 \u00e5r, kan delta p\u00e5 \u00e5rsm\u00f8tet med tale- og stemmerett. Se oppslag med saksliste p\u00e5 kirketavlen.<\/p>\n\n\n\n<p>&#8211; Tirsdag, 23. april, holder menighetskontoret kvelds\u00e5pent til kl. 18:45.<\/p>\n\n\n\n<p>&#8211; 28. april er helgendagen til Louis-Marie Grignion de Montfort. I den anledning vil Montfortgruppen \u00abMaria, Alle Hjerters Dronning\u00bb invitere til presentasjon og film om hans liv. Det blir kl. 16:00 i Auditoriet p\u00e5 St. Paul skole.<\/p>\n\n\n\n<p>&#8211; Menigheten trenger flere kateketer b\u00e5de for barn og konfirmanter. Meld din interesse til kateketkoordinator Reidun Jofrid Kleppestrand (mobil 40885489).<\/p>\n\n\n\n<p>&#8211; Ifm. Den-Gode-Hyrde-s\u00f8ndagen, som feires denne helgen, g\u00e5r dagens kollekt til St. Eystein presteseminar i Oslo.<\/p>\n\n\n\n<p>&#8211; Som i tidligere \u00e5r, er det ogs\u00e5 denne helgen mulig \u00e5 kj\u00f8pe Gode-Hyrde-lys bak i kirken. Overskuddet g\u00e5r til menigheten.<\/p>\n\n\n\n<p><strong>&#8211; <\/strong>Denne helgen gjennomf\u00f8rer St. Paul menighet kirketelling i alle messer i St. Paul kirke, p\u00e5 Marias Minde og i Sogn og Fjordane.<\/p>\n\n\n\n<p>&#8212;&#8212;&#8212;&#8212;&#8212;&#8212;&#8212;&#8212;&#8212;&#8212;&#8212;&#8212;&#8212;&#8212;&#8212;&#8212;&#8212;&#8212;&#8212;&#8212;&#8212;&#8212;&#8212;&#8211;<\/p>\n\n\n\n<p><em>Etter h\u00f8ymessen<\/em> er alle hjertelig velkommen til kirkekaffe i Krypten.<\/p>\n","protected":false},"excerpt":{"rendered":"<p>&#8211; Menighetens Vipps-funksjon er blitt forandret: N\u00e5r man n\u00e5 betaler via Vipps, kan man velge mellom tre kategorier: kollekt\/gaver, kirkekaffe<\/p>\n","protected":false},"author":12,"featured_media":0,"comment_status":"closed","ping_status":"closed","sticky":false,"template":"","format":"standard","meta":{"colormag_page_container_layout":"default_layout","colormag_page_sidebar_layout":"default_layout","_exactmetrics_skip_tracking":false,"_exactmetrics_sitenote_active":false,"_exactmetrics_sitenote_note":"","_exactmetrics_sitenote_category":0,"footnotes":""},"categories":[4],"tags":[],"class_list":["post-19602","post","type-post","status-publish","format-standard","hentry","category-kunngjoring"],"_links":{"self":[{"href":"https:\/\/bergen.katolsk.no\/index.php?rest_route=\/wp\/v2\/posts\/19602","targetHints":{"allow":["GET"]}}],"collection":[{"href":"https:\/\/bergen.katolsk.no\/index.php?rest_route=\/wp\/v2\/posts"}],"about":[{"href":"https:\/\/bergen.katolsk.no\/index.php?rest_route=\/wp\/v2\/types\/post"}],"author":[{"embeddable":true,"href":"https:\/\/bergen.katolsk.no\/index.php?rest_route=\/wp\/v2\/users\/12"}],"replies":[{"embeddable":true,"href":"https:\/\/bergen.katolsk.no\/index.php?rest_route=%2Fwp%2Fv2%2Fcomments&post=19602"}],"version-history":[{"count":2,"href":"https:\/\/bergen.katolsk.no\/index.php?rest_route=\/wp\/v2\/posts\/19602\/revisions"}],"predecessor-version":[{"id":19605,"href":"https:\/\/bergen.katolsk.no\/index.php?rest_route=\/wp\/v2\/posts\/19602\/revisions\/19605"}],"wp:attachment":[{"href":"https:\/\/bergen.katolsk.no\/index.php?rest_route=%2Fwp%2Fv2%2Fmedia&parent=19602"}],"wp:term":[{"taxonomy":"category","embeddable":true,"href":"https:\/\/bergen.katolsk.no\/index.php?rest_route=%2Fwp%2Fv2%2Fcategories&post=19602"},{"taxonomy":"post_tag","embeddable":true,"href":"https:\/\/bergen.katolsk.no\/index.php?rest_route=%2Fwp%2Fv2%2Ftags&post=19602"}],"curies":[{"name":"wp","href":"https:\/\/api.w.org\/{rel}","templated":true}]}}