{"id":19607,"date":"2024-04-20T07:06:54","date_gmt":"2024-04-20T07:06:54","guid":{"rendered":"https:\/\/bergen.katolsk.no\/?p=19607"},"modified":"2024-04-20T07:08:29","modified_gmt":"2024-04-20T07:08:29","slug":"ogloszenia-parafialne-niedziela-21-kwietnia-2024","status":"publish","type":"post","link":"https:\/\/bergen.katolsk.no\/?p=19607","title":{"rendered":"OG\u0141OSZENIA PARAFIALNE niedziela 21 kwietnia 2024"},"content":{"rendered":"\n<p>Parafialny Vipps zosta\u0142 zmodernizowany \u2013 mo\u017cna wybra\u0107 m\u0119dzy ema kategoriami: \u00abkollekt\/gaver\u00bb (taca-darowizna), \u00abkirkekaffe\u00bb i \u00abkj\u00f8p av b\u00f8ker og lys\u00bb (zakup ksi\u0105\u017cek i \u015bwiec). To pozwoli na dok\u0142adniejsze prowadzenie rachunkowo\u015bci. Na prze\u0142omie kwietnia i maja zostanie tak\u017ce uruchomiona funkcja \u201eskattefradrag\u201d \u2013 mo\u017cliwo\u015b\u0107 odpisu od podatku. W\u00f3wczas, jesli chcesz aby twoja darowizna zost\u0142a zarejestowana do zwolnienia od podatku musisz da\u0107 parafii pozwolenie na zapisanie twojego nazwiska i \u201epersonnummer\u201d. Po czym ka\u017cda wp\u0142ata b\u0119dzie rejestrowana automatycznie. Wi\u0119cej informacji znajdziesz na stronie parafii https:\/\/bergen.katolsk.no\/?p=19580.<\/p>\n\n\n\n<p>Parafia organizuje pielgrzymk\u0119 do Polski w dniach 16 -23 wrze\u015bnia. Zebranie informacyjne w j\u0119zyku norweskim po Sumie o godz 11.00 21 kwietnia \u2013 spotkanie w foaje w szkole \u015aw. Pawla.<\/p>\n\n\n\n<p>Zapraszamy senior\u00f3w na kaw\u0119 w Birgittakjelleren w ka\u017cdy poniedzia\u0142ek w kwietniu, po Mszy \u015aw. o godz11<\/p>\n\n\n\n<p>Caritas Bergen zaprasza na zebranie roczne we wtorek 23 kwietnia o godz 18.00 w lokalu przy Sigurdsgate 8. Wszyscy parafianie powy\u017cej 18 lat mog\u0105 uczestniczy\u0107 w zebraniu z prawem g\u0142osu. Szczeg\u00f3\u0142y na tablicy przed ko\u015bcio\u0142em.<\/p>\n\n\n\n<p>We wtorek 23 kwietnia biuro parafialne b\u0119dzie otwarte do godz 18.45.<\/p>\n\n\n\n<p>&#8211; w niedziel\u0119 28 kwietnia, wspomnienie \u015bw. Ludwika Marii Grignion\u00a0de Montfort.\u00a0 Z tej okazji parafialna grupa \u00abMaria, Alle Hjerters Dronning\u00bb zaprasza na prezentacj\u0119 i film o \u017cyciu \u015awi\u0119tego o godz 16.00 w Audytorium szko\u0142y \u015bw, Paw\u0142a<\/p>\n\n\n\n<p>Parafia potrzebuje \u00a0nowych katechet\u00f3w do przygotowania dzieci i m\u0142odziezy do Pierwszej Komunii i Bierzmowania . Prosimy o kontakt z katechetka Reidun Jofrid Kleppestrand mobil 40885489.<\/p>\n\n\n\n<p>Taca w dniu dzisiejszym-niedziela Dobrego Pasterza przeznaczona jest na Seminarium Duchowne \u015aw Eysteina w Oslo.<\/p>\n\n\n\n<p>&#8211; Po Sumie mo\u017cna kupi\u0107 z ty\u0142u ko\u015bcio\u0142a \u015bwiece Dobrego Pasterza. Doch\u00f3d na cele parafii.<\/p>\n\n\n\n<p>W dniu dzisiejszym przeprowadzone zostanie liczenie <em>dominicantes<\/em> w czasie wszystkich Mszy \u015awi\u0119tych.<\/p>\n\n\n\n<p>Po Sumie o godz 11ej zapraszamy na kaw\u0119 do Krypty.<\/p>\n","protected":false},"excerpt":{"rendered":"<p>Parafialny Vipps zosta\u0142 zmodernizowany \u2013 mo\u017cna wybra\u0107 m\u0119dzy ema kategoriami: \u00abkollekt\/gaver\u00bb (taca-darowizna), \u00abkirkekaffe\u00bb i \u00abkj\u00f8p av b\u00f8ker og lys\u00bb (zakup<\/p>\n","protected":false},"author":3,"featured_media":0,"comment_status":"closed","ping_status":"closed","sticky":false,"template":"","format":"standard","meta":{"colormag_page_container_layout":"default_layout","colormag_page_sidebar_layout":"default_layout","_exactmetrics_skip_tracking":false,"_exactmetrics_sitenote_active":false,"_exactmetrics_sitenote_note":"","_exactmetrics_sitenote_category":0,"footnotes":""},"categories":[5],"tags":[],"class_list":["post-19607","post","type-post","status-publish","format-standard","hentry","category-polski"],"_links":{"self":[{"href":"https:\/\/bergen.katolsk.no\/index.php?rest_route=\/wp\/v2\/posts\/19607","targetHints":{"allow":["GET"]}}],"collection":[{"href":"https:\/\/bergen.katolsk.no\/index.php?rest_route=\/wp\/v2\/posts"}],"about":[{"href":"https:\/\/bergen.katolsk.no\/index.php?rest_route=\/wp\/v2\/types\/post"}],"author":[{"embeddable":true,"href":"https:\/\/bergen.katolsk.no\/index.php?rest_route=\/wp\/v2\/users\/3"}],"replies":[{"embeddable":true,"href":"https:\/\/bergen.katolsk.no\/index.php?rest_route=%2Fwp%2Fv2%2Fcomments&post=19607"}],"version-history":[{"count":2,"href":"https:\/\/bergen.katolsk.no\/index.php?rest_route=\/wp\/v2\/posts\/19607\/revisions"}],"predecessor-version":[{"id":19610,"href":"https:\/\/bergen.katolsk.no\/index.php?rest_route=\/wp\/v2\/posts\/19607\/revisions\/19610"}],"wp:attachment":[{"href":"https:\/\/bergen.katolsk.no\/index.php?rest_route=%2Fwp%2Fv2%2Fmedia&parent=19607"}],"wp:term":[{"taxonomy":"category","embeddable":true,"href":"https:\/\/bergen.katolsk.no\/index.php?rest_route=%2Fwp%2Fv2%2Fcategories&post=19607"},{"taxonomy":"post_tag","embeddable":true,"href":"https:\/\/bergen.katolsk.no\/index.php?rest_route=%2Fwp%2Fv2%2Ftags&post=19607"}],"curies":[{"name":"wp","href":"https:\/\/api.w.org\/{rel}","templated":true}]}}