{"id":19655,"date":"2024-05-02T15:49:32","date_gmt":"2024-05-02T15:49:32","guid":{"rendered":"https:\/\/bergen.katolsk.no\/?p=19655"},"modified":"2024-05-02T15:50:43","modified_gmt":"2024-05-02T15:50:43","slug":"kunngjoringer-sondag-5-mai-2024","status":"publish","type":"post","link":"https:\/\/bergen.katolsk.no\/?p=19655","title":{"rendered":"KUNNGJ\u00d8RINGER S\u00d8NDAG 5. MAI 2024"},"content":{"rendered":"\n<figure class=\"wp-block-image size-full is-resized\"><a href=\"https:\/\/bergen.katolsk.no\/wp-content\/uploads\/2024\/01\/St.-paul-Kirke2.jpg\"><img loading=\"lazy\" decoding=\"async\" width=\"425\" height=\"640\" src=\"https:\/\/bergen.katolsk.no\/wp-content\/uploads\/2024\/01\/St.-paul-Kirke2.jpg\" alt=\"\" class=\"wp-image-19012\" style=\"width:840px;height:auto\" srcset=\"https:\/\/bergen.katolsk.no\/wp-content\/uploads\/2024\/01\/St.-paul-Kirke2.jpg 425w, https:\/\/bergen.katolsk.no\/wp-content\/uploads\/2024\/01\/St.-paul-Kirke2-199x300.jpg 199w\" sizes=\"auto, (max-width: 425px) 100vw, 425px\" \/><\/a><\/figure>\n\n\n\n<p><\/p>\n\n\n\n<p>&#8211; Menigheten inviterer alle til b\u00f8nn og vake pinseaften \u2013 18. mai. Vi begynner kl. 19:30 med en b\u00f8nnegudstjeneste p\u00e5 engelsk og andre spr\u00e5k. Slutt ca. kl. 22:00.<\/p>\n\n\n\n<p>&#8211; Det blir s\u00f8ndagsordning for messene p\u00e5 Kristi himmelfartsdag torsdag, 09. mai.<\/p>\n\n\n\n<p>&#8211; Mandag, 13. mai feirer vi Marias \u00e5penbaringer i Fatima. Det blir film om Fatima kl. 16 p\u00e5 skolens auditorium. Etterp\u00e5 blir det b\u00f8nn og tilbedelse kl. 18 og messe kl. 19 p\u00e5 norsk. Alle er velkomne til kirkekaffe i Krypten etterp\u00e5.<\/p>\n\n\n\n<p>&#8211; Vi minner om at man kan kj\u00f8pe den nye katolske bibelen p\u00e5 menighetskontoret. Den koster 799 kr.<\/p>\n\n\n\n<p>&#8212;&#8212;&#8212;&#8212;&#8212;&#8212;&#8212;&#8212;&#8212;&#8212;&#8212;&#8212;&#8212;&#8212;&#8212;&#8212;&#8212;&#8212;&#8212;&#8212;&#8212;&#8212;&#8212;&#8212;&#8212;&#8212;&#8212;&#8212;&#8212;&#8212;&#8212;&#8212;&#8212;-<\/p>\n\n\n\n<p>Det er <strong>INGEN<\/strong> kirkekaffe denne s\u00f8ndagen!<\/p>\n","protected":false},"excerpt":{"rendered":"<p>&#8211; Menigheten inviterer alle til b\u00f8nn og vake pinseaften \u2013 18. mai. Vi begynner kl. 19:30 med en b\u00f8nnegudstjeneste p\u00e5<\/p>\n","protected":false},"author":12,"featured_media":0,"comment_status":"closed","ping_status":"closed","sticky":false,"template":"","format":"standard","meta":{"colormag_page_container_layout":"default_layout","colormag_page_sidebar_layout":"default_layout","_exactmetrics_skip_tracking":false,"_exactmetrics_sitenote_active":false,"_exactmetrics_sitenote_note":"","_exactmetrics_sitenote_category":0,"footnotes":""},"categories":[4],"tags":[],"class_list":["post-19655","post","type-post","status-publish","format-standard","hentry","category-kunngjoring"],"_links":{"self":[{"href":"https:\/\/bergen.katolsk.no\/index.php?rest_route=\/wp\/v2\/posts\/19655","targetHints":{"allow":["GET"]}}],"collection":[{"href":"https:\/\/bergen.katolsk.no\/index.php?rest_route=\/wp\/v2\/posts"}],"about":[{"href":"https:\/\/bergen.katolsk.no\/index.php?rest_route=\/wp\/v2\/types\/post"}],"author":[{"embeddable":true,"href":"https:\/\/bergen.katolsk.no\/index.php?rest_route=\/wp\/v2\/users\/12"}],"replies":[{"embeddable":true,"href":"https:\/\/bergen.katolsk.no\/index.php?rest_route=%2Fwp%2Fv2%2Fcomments&post=19655"}],"version-history":[{"count":2,"href":"https:\/\/bergen.katolsk.no\/index.php?rest_route=\/wp\/v2\/posts\/19655\/revisions"}],"predecessor-version":[{"id":19657,"href":"https:\/\/bergen.katolsk.no\/index.php?rest_route=\/wp\/v2\/posts\/19655\/revisions\/19657"}],"wp:attachment":[{"href":"https:\/\/bergen.katolsk.no\/index.php?rest_route=%2Fwp%2Fv2%2Fmedia&parent=19655"}],"wp:term":[{"taxonomy":"category","embeddable":true,"href":"https:\/\/bergen.katolsk.no\/index.php?rest_route=%2Fwp%2Fv2%2Fcategories&post=19655"},{"taxonomy":"post_tag","embeddable":true,"href":"https:\/\/bergen.katolsk.no\/index.php?rest_route=%2Fwp%2Fv2%2Ftags&post=19655"}],"curies":[{"name":"wp","href":"https:\/\/api.w.org\/{rel}","templated":true}]}}