{"id":19865,"date":"2024-06-08T07:38:43","date_gmt":"2024-06-08T07:38:43","guid":{"rendered":"https:\/\/bergen.katolsk.no\/?p=19865"},"modified":"2024-06-08T07:38:45","modified_gmt":"2024-06-08T07:38:45","slug":"kunngjoringer-sondag-9-juni-2024","status":"publish","type":"post","link":"https:\/\/bergen.katolsk.no\/?p=19865","title":{"rendered":"KUNNGJ\u00d8RINGER S\u00d8NDAG 9. JUNI 2024"},"content":{"rendered":"\n<figure class=\"wp-block-image size-full\"><a href=\"https:\/\/bergen.katolsk.no\/wp-content\/uploads\/2024\/01\/St.-paul-Kirke2.jpg\"><img loading=\"lazy\" decoding=\"async\" width=\"425\" height=\"640\" src=\"https:\/\/bergen.katolsk.no\/wp-content\/uploads\/2024\/01\/St.-paul-Kirke2.jpg\" alt=\"\" class=\"wp-image-19012\" srcset=\"https:\/\/bergen.katolsk.no\/wp-content\/uploads\/2024\/01\/St.-paul-Kirke2.jpg 425w, https:\/\/bergen.katolsk.no\/wp-content\/uploads\/2024\/01\/St.-paul-Kirke2-199x300.jpg 199w\" sizes=\"auto, (max-width: 425px) 100vw, 425px\" \/><\/a><\/figure>\n\n\n\n<p>&#8211; Denne helgen avholder vi menighetsr\u00e5dsvalg. Alle som tilh\u00f8rer St. Paul menighet og er konfirmert, kan stemme ved personlig fremm\u00f8te. Ta med legitimasjon med bilde. Krypten er valglokalet og \u00e5pen l\u00f8rdag, fra kl. 17 til ca. kl. 21, s\u00f8ndag fra kl. 8.30 til ca. kl. 21. Det er ogs\u00e5 mulig \u00e5 stemme p\u00e5 Marias Minde f\u00f8r og etter messene p\u00e5 s\u00f8ndag. Velkommen til valg!<\/p>\n\n\n\n<p>&#8211; L\u00f8rdag, 15. juni, kl. 15.00 inviterer St. Paul-koret til sommerkonsert med musikk av blant annet Grieg og Faur\u00e9. Se plakat bak i kirken.<\/p>\n\n\n\n<p>&#8211; S\u00f8ndag, 16. juni, kl. 15.00 blir det en portugisisk messe p\u00e5 Marias Minde med p\u00e5f\u00f8lgende kirkekaffe. Pater Jos\u00e9 Benedito som opprinnelig er fra Brasil, men for tiden bosatt i Trondheim, kommer og bes\u00f8ker St. Paul menighet denne dagen. Vi inviterer alle portugisisktalende medlemmer til \u00e5 benytte seg av denne anledningen.<\/p>\n\n\n\n<p>&#8211; Det er ledige plasser p\u00e5 Vestlandsleir som NUK arrangerer for barn og unge mellom 8-14 \u00e5r. Se plakat og informasjonsark bak i kirken!<\/p>\n\n\n\n<p>&#8211; Det er n\u00e5 tid for \u00e5 melde p\u00e5 barn og ungdom i alle aldre til h\u00f8stens katekese.<\/p>\n\n\n\n<p><em>Etter h\u00f8ymessen<\/em> er det kirkekaffe og mulighet for \u00e5 stemme ved menighetsr\u00e5dsvalget.<\/p>\n","protected":false},"excerpt":{"rendered":"<p>&#8211; Denne helgen avholder vi menighetsr\u00e5dsvalg. Alle som tilh\u00f8rer St. Paul menighet og er konfirmert, kan stemme ved personlig fremm\u00f8te.<\/p>\n","protected":false},"author":12,"featured_media":0,"comment_status":"closed","ping_status":"closed","sticky":false,"template":"","format":"standard","meta":{"colormag_page_container_layout":"default_layout","colormag_page_sidebar_layout":"default_layout","_exactmetrics_skip_tracking":false,"_exactmetrics_sitenote_active":false,"_exactmetrics_sitenote_note":"","_exactmetrics_sitenote_category":0,"footnotes":""},"categories":[4],"tags":[],"class_list":["post-19865","post","type-post","status-publish","format-standard","hentry","category-kunngjoring"],"_links":{"self":[{"href":"https:\/\/bergen.katolsk.no\/index.php?rest_route=\/wp\/v2\/posts\/19865","targetHints":{"allow":["GET"]}}],"collection":[{"href":"https:\/\/bergen.katolsk.no\/index.php?rest_route=\/wp\/v2\/posts"}],"about":[{"href":"https:\/\/bergen.katolsk.no\/index.php?rest_route=\/wp\/v2\/types\/post"}],"author":[{"embeddable":true,"href":"https:\/\/bergen.katolsk.no\/index.php?rest_route=\/wp\/v2\/users\/12"}],"replies":[{"embeddable":true,"href":"https:\/\/bergen.katolsk.no\/index.php?rest_route=%2Fwp%2Fv2%2Fcomments&post=19865"}],"version-history":[{"count":1,"href":"https:\/\/bergen.katolsk.no\/index.php?rest_route=\/wp\/v2\/posts\/19865\/revisions"}],"predecessor-version":[{"id":19866,"href":"https:\/\/bergen.katolsk.no\/index.php?rest_route=\/wp\/v2\/posts\/19865\/revisions\/19866"}],"wp:attachment":[{"href":"https:\/\/bergen.katolsk.no\/index.php?rest_route=%2Fwp%2Fv2%2Fmedia&parent=19865"}],"wp:term":[{"taxonomy":"category","embeddable":true,"href":"https:\/\/bergen.katolsk.no\/index.php?rest_route=%2Fwp%2Fv2%2Fcategories&post=19865"},{"taxonomy":"post_tag","embeddable":true,"href":"https:\/\/bergen.katolsk.no\/index.php?rest_route=%2Fwp%2Fv2%2Ftags&post=19865"}],"curies":[{"name":"wp","href":"https:\/\/api.w.org\/{rel}","templated":true}]}}