{"id":19873,"date":"2024-06-08T08:42:28","date_gmt":"2024-06-08T08:42:28","guid":{"rendered":"https:\/\/bergen.katolsk.no\/?p=19873"},"modified":"2024-06-08T08:42:30","modified_gmt":"2024-06-08T08:42:30","slug":"ogloszenia-parafialne-niedziela-9-czerwca-2024","status":"publish","type":"post","link":"https:\/\/bergen.katolsk.no\/?p=19873","title":{"rendered":"OG\u0141OSZENIA PARAFIALNE niedziela  9 czerwca 2024"},"content":{"rendered":"\n<p>W  tym tygodniu odbywaj\u0105 si\u0119 wybory do Rady Parafialnej. Wszyscy zarejestrowani cz\u0142onkowie parafii, kt\u00f3rzy przyst\u0105pili do Sakramentu Bierzmowania maja prawo g\u0142osu. G\u0142os trzeba odda\u0107 osobi\u015bcie, okazuj\u0105c legitymacj\u0119 ze zdj\u0119ciem. Lokal wyborczy \u2013 Krypta- otwarty bee w sobot\u0119 od godz 17 do 21 i w niedziele od 8.30 do 21. Mozna r\u00f3wniez odda\u0107 g\u0142os na Marias Minde w niedziel\u0119 przed i po Mszy \u015awi\u0119tej o godz 10 i 12. Zapraszamy do wybor\u00f3w!<\/p>\n\n\n\n<p>W sobot\u0119 15 czerwca zapraszamy na koncert ch\u00f3ru parafialnego, m,in muzyka Griega i Faur\u00e9, Zob, plakat na tablicy przed ko\u015bcio\u0142em.<\/p>\n\n\n\n<p>W niedziele 16 czerwca o godz 15.00 Msza \u015awi\u0119ta w j\u0119zyku portugalskim na Marias Minde. Po Mszy kawa. Ks Jos\u00e9 Benedito, pochodz\u0105cy z Brazyli a pos\u0142uguj\u0105cy w pra\u0142aturze w Trondheim odprawi t\u0119 Msz\u0119 \u015awi\u0119ta. Zapraszamy wszystkich m\u00f3wi\u0105cych po portugalsku.<\/p>\n\n\n\n<p>S\u0105 jeszcze wolne miejsca na Vestlandsleir \/ obozie dla dzieci w wieku 8 &#8211; 14 organizowanym prze NUK . Zob. Plakat na tablicy.<\/p>\n\n\n\n<p>Prosimy o zg\u0142aszanie dzieci i m\u0142odzie\u017cy na katechez\u0119 w przysz\u0142ym roku szkolnym. Z powodu wybor\u00f3w do nie b\u0119dzie w t\u0119 niedziel\u0119 kawy w Krypcie<\/p>\n","protected":false},"excerpt":{"rendered":"<p>W tym tygodniu odbywaj\u0105 si\u0119 wybory do Rady Parafialnej. Wszyscy zarejestrowani cz\u0142onkowie parafii, kt\u00f3rzy przyst\u0105pili do Sakramentu Bierzmowania maja prawo<\/p>\n","protected":false},"author":3,"featured_media":0,"comment_status":"closed","ping_status":"closed","sticky":false,"template":"","format":"standard","meta":{"colormag_page_container_layout":"default_layout","colormag_page_sidebar_layout":"default_layout","_exactmetrics_skip_tracking":false,"_exactmetrics_sitenote_active":false,"_exactmetrics_sitenote_note":"","_exactmetrics_sitenote_category":0,"footnotes":""},"categories":[5],"tags":[],"class_list":["post-19873","post","type-post","status-publish","format-standard","hentry","category-polski"],"_links":{"self":[{"href":"https:\/\/bergen.katolsk.no\/index.php?rest_route=\/wp\/v2\/posts\/19873","targetHints":{"allow":["GET"]}}],"collection":[{"href":"https:\/\/bergen.katolsk.no\/index.php?rest_route=\/wp\/v2\/posts"}],"about":[{"href":"https:\/\/bergen.katolsk.no\/index.php?rest_route=\/wp\/v2\/types\/post"}],"author":[{"embeddable":true,"href":"https:\/\/bergen.katolsk.no\/index.php?rest_route=\/wp\/v2\/users\/3"}],"replies":[{"embeddable":true,"href":"https:\/\/bergen.katolsk.no\/index.php?rest_route=%2Fwp%2Fv2%2Fcomments&post=19873"}],"version-history":[{"count":1,"href":"https:\/\/bergen.katolsk.no\/index.php?rest_route=\/wp\/v2\/posts\/19873\/revisions"}],"predecessor-version":[{"id":19874,"href":"https:\/\/bergen.katolsk.no\/index.php?rest_route=\/wp\/v2\/posts\/19873\/revisions\/19874"}],"wp:attachment":[{"href":"https:\/\/bergen.katolsk.no\/index.php?rest_route=%2Fwp%2Fv2%2Fmedia&parent=19873"}],"wp:term":[{"taxonomy":"category","embeddable":true,"href":"https:\/\/bergen.katolsk.no\/index.php?rest_route=%2Fwp%2Fv2%2Fcategories&post=19873"},{"taxonomy":"post_tag","embeddable":true,"href":"https:\/\/bergen.katolsk.no\/index.php?rest_route=%2Fwp%2Fv2%2Ftags&post=19873"}],"curies":[{"name":"wp","href":"https:\/\/api.w.org\/{rel}","templated":true}]}}