{"id":19910,"date":"2024-06-13T07:15:08","date_gmt":"2024-06-13T07:15:08","guid":{"rendered":"https:\/\/bergen.katolsk.no\/?p=19910"},"modified":"2024-06-13T07:15:10","modified_gmt":"2024-06-13T07:15:10","slug":"soster-marys-klosterhage","status":"publish","type":"post","link":"https:\/\/bergen.katolsk.no\/?p=19910","title":{"rendered":"S\u00f8ster Marys Klosterhage"},"content":{"rendered":"\n<figure class=\"wp-block-image size-large\"><a href=\"https:\/\/bergen.katolsk.no\/wp-content\/uploads\/2024\/06\/20240612_152610.jpg\"><img loading=\"lazy\" decoding=\"async\" width=\"1024\" height=\"1024\" src=\"https:\/\/bergen.katolsk.no\/wp-content\/uploads\/2024\/06\/20240612_152610-1024x1024.jpg\" alt=\"\" class=\"wp-image-19911\" srcset=\"https:\/\/bergen.katolsk.no\/wp-content\/uploads\/2024\/06\/20240612_152610-1024x1024.jpg 1024w, https:\/\/bergen.katolsk.no\/wp-content\/uploads\/2024\/06\/20240612_152610-300x300.jpg 300w, https:\/\/bergen.katolsk.no\/wp-content\/uploads\/2024\/06\/20240612_152610-150x150.jpg 150w, https:\/\/bergen.katolsk.no\/wp-content\/uploads\/2024\/06\/20240612_152610-768x768.jpg 768w, https:\/\/bergen.katolsk.no\/wp-content\/uploads\/2024\/06\/20240612_152610-956x956.jpg 956w, https:\/\/bergen.katolsk.no\/wp-content\/uploads\/2024\/06\/20240612_152610.jpg 1275w\" sizes=\"auto, (max-width: 1024px) 100vw, 1024px\" \/><\/a><\/figure>\n\n\n\n<p>Onsdag 12. juni ble S\u00f8ster Marys Klosterhage \u00e5pnet av skoler\u00e5den Anne-Rigmor Stock-Evje  og velsignet av sognepresten Dom Alois Brodersen.<\/p>\n\n\n\n<p>Klosterhage er etablert ved St. Paul Gymnas. Det er skolens ledelse sammen med landskapsarkitekter i NorConsult som st\u00e5r bak prosjektet som skal minne om klosterhagetradisjon og om S\u00f8ster Mary Doyle og hennes klosterhage p\u00e5 Marias Minde.  Det er urter, gr\u00f8nnsaker og frukttr\u00e6r i klosterhagen og det er skolens l\u00e6rere og elever som tar v\u00e6re p\u00e5 den. Omr\u00e5det er \u00e5pent til publikum slik at alle forbipasserende langs Store Lungeg\u00e5rdsvannet kan ha glede av Sr. Marys klosterhage. <\/p>\n\n\n\n<figure class=\"wp-block-image size-large\"><a href=\"https:\/\/bergen.katolsk.no\/wp-content\/uploads\/2024\/06\/20240612_154910.jpg\"><img loading=\"lazy\" decoding=\"async\" width=\"1024\" height=\"1024\" src=\"https:\/\/bergen.katolsk.no\/wp-content\/uploads\/2024\/06\/20240612_154910-1024x1024.jpg\" alt=\"\" class=\"wp-image-19912\" srcset=\"https:\/\/bergen.katolsk.no\/wp-content\/uploads\/2024\/06\/20240612_154910-1024x1024.jpg 1024w, https:\/\/bergen.katolsk.no\/wp-content\/uploads\/2024\/06\/20240612_154910-300x300.jpg 300w, https:\/\/bergen.katolsk.no\/wp-content\/uploads\/2024\/06\/20240612_154910-150x150.jpg 150w, https:\/\/bergen.katolsk.no\/wp-content\/uploads\/2024\/06\/20240612_154910-768x768.jpg 768w, https:\/\/bergen.katolsk.no\/wp-content\/uploads\/2024\/06\/20240612_154910-956x956.jpg 956w, https:\/\/bergen.katolsk.no\/wp-content\/uploads\/2024\/06\/20240612_154910.jpg 1275w\" sizes=\"auto, (max-width: 1024px) 100vw, 1024px\" \/><\/a><\/figure>\n","protected":false},"excerpt":{"rendered":"<p>Onsdag 12. juni ble S\u00f8ster Marys Klosterhage \u00e5pnet av skoler\u00e5den Anne-Rigmor Stock-Evje og velsignet av sognepresten Dom Alois Brodersen. Klosterhage<\/p>\n","protected":false},"author":3,"featured_media":0,"comment_status":"closed","ping_status":"closed","sticky":false,"template":"","format":"standard","meta":{"colormag_page_container_layout":"default_layout","colormag_page_sidebar_layout":"default_layout","_exactmetrics_skip_tracking":false,"_exactmetrics_sitenote_active":false,"_exactmetrics_sitenote_note":"","_exactmetrics_sitenote_category":0,"footnotes":""},"categories":[1],"tags":[],"class_list":["post-19910","post","type-post","status-publish","format-standard","hentry","category-aktuelt"],"_links":{"self":[{"href":"https:\/\/bergen.katolsk.no\/index.php?rest_route=\/wp\/v2\/posts\/19910","targetHints":{"allow":["GET"]}}],"collection":[{"href":"https:\/\/bergen.katolsk.no\/index.php?rest_route=\/wp\/v2\/posts"}],"about":[{"href":"https:\/\/bergen.katolsk.no\/index.php?rest_route=\/wp\/v2\/types\/post"}],"author":[{"embeddable":true,"href":"https:\/\/bergen.katolsk.no\/index.php?rest_route=\/wp\/v2\/users\/3"}],"replies":[{"embeddable":true,"href":"https:\/\/bergen.katolsk.no\/index.php?rest_route=%2Fwp%2Fv2%2Fcomments&post=19910"}],"version-history":[{"count":1,"href":"https:\/\/bergen.katolsk.no\/index.php?rest_route=\/wp\/v2\/posts\/19910\/revisions"}],"predecessor-version":[{"id":19913,"href":"https:\/\/bergen.katolsk.no\/index.php?rest_route=\/wp\/v2\/posts\/19910\/revisions\/19913"}],"wp:attachment":[{"href":"https:\/\/bergen.katolsk.no\/index.php?rest_route=%2Fwp%2Fv2%2Fmedia&parent=19910"}],"wp:term":[{"taxonomy":"category","embeddable":true,"href":"https:\/\/bergen.katolsk.no\/index.php?rest_route=%2Fwp%2Fv2%2Fcategories&post=19910"},{"taxonomy":"post_tag","embeddable":true,"href":"https:\/\/bergen.katolsk.no\/index.php?rest_route=%2Fwp%2Fv2%2Ftags&post=19910"}],"curies":[{"name":"wp","href":"https:\/\/api.w.org\/{rel}","templated":true}]}}