{"id":2364,"date":"2015-12-20T20:24:22","date_gmt":"2015-12-20T20:24:22","guid":{"rendered":"http:\/\/bergen.katolsk.no\/?p=2364"},"modified":"2015-12-20T20:24:22","modified_gmt":"2015-12-20T20:24:22","slug":"en-ekte-katolsk-julekonsert","status":"publish","type":"post","link":"https:\/\/bergen.katolsk.no\/?p=2364","title":{"rendered":"En ekte katolsk julekonsert."},"content":{"rendered":"<p><strong><a href=\"http:\/\/bergen.katolsk.no\/wp-content\/uploads\/2015\/12\/DSC_0445.jpg\"><img loading=\"lazy\" decoding=\"async\" class=\"alignleft wp-image-2365 size-full\" src=\"http:\/\/bergen.katolsk.no\/wp-content\/uploads\/2015\/12\/DSC_0445.jpg\" alt=\"DSC_0445\" width=\"6000\" height=\"4000\" srcset=\"https:\/\/bergen.katolsk.no\/wp-content\/uploads\/2015\/12\/DSC_0445.jpg 6000w, https:\/\/bergen.katolsk.no\/wp-content\/uploads\/2015\/12\/DSC_0445-300x200.jpg 300w, https:\/\/bergen.katolsk.no\/wp-content\/uploads\/2015\/12\/DSC_0445-1024x682.jpg 1024w, https:\/\/bergen.katolsk.no\/wp-content\/uploads\/2015\/12\/DSC_0445-956x637.jpg 956w\" sizes=\"auto, (max-width: 6000px) 100vw, 6000px\" \/><\/a>L\u00f8rdag 19.12. l\u00f8d musikken fra hele verden i St. Paul kirke. Korene og sanggrupper fra Eritrea, Filippinene (Himig Pinoy Choir), Polen, Rwanda og Vietnam (Ceciliakoret) med solister Benedicte Kiss-Roset, (harpe), Amalie Isabel Sande (Gitar) Roystan James (solo sang) )og v\u00e5r organist Amund Dahlen har sunget og spilt julen inn p\u00e5 mange spr\u00e5k og med forskjellige folkelige stilarter som godt illustrerer v\u00e5r katolisitet. Maria og Josef drar fra alle kanter av verden til krybben i Betlehem hvor v\u00e5r frelser er f\u00f8dt. Gloria in excelsis Deo.<\/strong><\/p>\n<p><a href=\"http:\/\/bergen.katolsk.no\/wp-content\/uploads\/2015\/12\/DSC_0424.jpg\"><img loading=\"lazy\" decoding=\"async\" class=\"alignleft wp-image-2372 size-full\" src=\"http:\/\/bergen.katolsk.no\/wp-content\/uploads\/2015\/12\/DSC_0424.jpg\" alt=\"DSC_0424\" width=\"6000\" height=\"4000\" srcset=\"https:\/\/bergen.katolsk.no\/wp-content\/uploads\/2015\/12\/DSC_0424.jpg 6000w, https:\/\/bergen.katolsk.no\/wp-content\/uploads\/2015\/12\/DSC_0424-300x200.jpg 300w, https:\/\/bergen.katolsk.no\/wp-content\/uploads\/2015\/12\/DSC_0424-1024x682.jpg 1024w, https:\/\/bergen.katolsk.no\/wp-content\/uploads\/2015\/12\/DSC_0424-956x637.jpg 956w\" sizes=\"auto, (max-width: 6000px) 100vw, 6000px\" \/><\/a><\/p>\n<p>&nbsp;<\/p>\n<p><a href=\"http:\/\/bergen.katolsk.no\/wp-content\/uploads\/2015\/12\/tn_IMG_2637.jpg\"><img loading=\"lazy\" decoding=\"async\" class=\"alignleft wp-image-2370 size-full\" src=\"http:\/\/bergen.katolsk.no\/wp-content\/uploads\/2015\/12\/tn_IMG_2637.jpg\" alt=\"tn_IMG_2637\" width=\"1000\" height=\"667\" srcset=\"https:\/\/bergen.katolsk.no\/wp-content\/uploads\/2015\/12\/tn_IMG_2637.jpg 1000w, https:\/\/bergen.katolsk.no\/wp-content\/uploads\/2015\/12\/tn_IMG_2637-300x200.jpg 300w, https:\/\/bergen.katolsk.no\/wp-content\/uploads\/2015\/12\/tn_IMG_2637-956x637.jpg 956w\" sizes=\"auto, (max-width: 1000px) 100vw, 1000px\" \/><\/a><\/p>\n<p><a href=\"http:\/\/bergen.katolsk.no\/wp-content\/uploads\/2015\/12\/tn_IMG_2635.jpg\"><img loading=\"lazy\" decoding=\"async\" class=\"alignleft wp-image-2369 size-full\" src=\"http:\/\/bergen.katolsk.no\/wp-content\/uploads\/2015\/12\/tn_IMG_2635.jpg\" alt=\"tn_IMG_2635\" width=\"1000\" height=\"667\" srcset=\"https:\/\/bergen.katolsk.no\/wp-content\/uploads\/2015\/12\/tn_IMG_2635.jpg 1000w, https:\/\/bergen.katolsk.no\/wp-content\/uploads\/2015\/12\/tn_IMG_2635-300x200.jpg 300w, https:\/\/bergen.katolsk.no\/wp-content\/uploads\/2015\/12\/tn_IMG_2635-956x637.jpg 956w\" sizes=\"auto, (max-width: 1000px) 100vw, 1000px\" \/><\/a><\/p>\n<p>&nbsp;<\/p>\n<p><a href=\"http:\/\/bergen.katolsk.no\/wp-content\/uploads\/2015\/12\/DSC_0431.jpg\"><img loading=\"lazy\" decoding=\"async\" class=\"alignleft wp-image-2367 size-full\" src=\"http:\/\/bergen.katolsk.no\/wp-content\/uploads\/2015\/12\/DSC_0431.jpg\" alt=\"DSC_0431\" width=\"6000\" height=\"4000\" srcset=\"https:\/\/bergen.katolsk.no\/wp-content\/uploads\/2015\/12\/DSC_0431.jpg 6000w, https:\/\/bergen.katolsk.no\/wp-content\/uploads\/2015\/12\/DSC_0431-300x200.jpg 300w, https:\/\/bergen.katolsk.no\/wp-content\/uploads\/2015\/12\/DSC_0431-1024x682.jpg 1024w, https:\/\/bergen.katolsk.no\/wp-content\/uploads\/2015\/12\/DSC_0431-956x637.jpg 956w\" sizes=\"auto, (max-width: 6000px) 100vw, 6000px\" \/><\/a><\/p>\n<p><a href=\"http:\/\/bergen.katolsk.no\/wp-content\/uploads\/2015\/12\/DSC_0437.jpg\"><img loading=\"lazy\" decoding=\"async\" class=\"alignleft wp-image-2366 size-full\" src=\"http:\/\/bergen.katolsk.no\/wp-content\/uploads\/2015\/12\/DSC_0437.jpg\" alt=\"DSC_0437\" width=\"6000\" height=\"4000\" srcset=\"https:\/\/bergen.katolsk.no\/wp-content\/uploads\/2015\/12\/DSC_0437.jpg 6000w, https:\/\/bergen.katolsk.no\/wp-content\/uploads\/2015\/12\/DSC_0437-300x200.jpg 300w, https:\/\/bergen.katolsk.no\/wp-content\/uploads\/2015\/12\/DSC_0437-1024x682.jpg 1024w, https:\/\/bergen.katolsk.no\/wp-content\/uploads\/2015\/12\/DSC_0437-956x637.jpg 956w\" sizes=\"auto, (max-width: 6000px) 100vw, 6000px\" \/><\/a><\/p>\n","protected":false},"excerpt":{"rendered":"<p>L\u00f8rdag 19.12. l\u00f8d musikken fra hele verden i St. Paul kirke. Korene og sanggrupper fra Eritrea, Filippinene (Himig Pinoy Choir),<\/p>\n","protected":false},"author":3,"featured_media":0,"comment_status":"closed","ping_status":"closed","sticky":false,"template":"","format":"standard","meta":{"colormag_page_container_layout":"default_layout","colormag_page_sidebar_layout":"default_layout","_exactmetrics_skip_tracking":false,"_exactmetrics_sitenote_active":false,"_exactmetrics_sitenote_note":"","_exactmetrics_sitenote_category":0,"footnotes":""},"categories":[1],"tags":[],"class_list":["post-2364","post","type-post","status-publish","format-standard","hentry","category-aktuelt"],"_links":{"self":[{"href":"https:\/\/bergen.katolsk.no\/index.php?rest_route=\/wp\/v2\/posts\/2364","targetHints":{"allow":["GET"]}}],"collection":[{"href":"https:\/\/bergen.katolsk.no\/index.php?rest_route=\/wp\/v2\/posts"}],"about":[{"href":"https:\/\/bergen.katolsk.no\/index.php?rest_route=\/wp\/v2\/types\/post"}],"author":[{"embeddable":true,"href":"https:\/\/bergen.katolsk.no\/index.php?rest_route=\/wp\/v2\/users\/3"}],"replies":[{"embeddable":true,"href":"https:\/\/bergen.katolsk.no\/index.php?rest_route=%2Fwp%2Fv2%2Fcomments&post=2364"}],"version-history":[{"count":2,"href":"https:\/\/bergen.katolsk.no\/index.php?rest_route=\/wp\/v2\/posts\/2364\/revisions"}],"predecessor-version":[{"id":2373,"href":"https:\/\/bergen.katolsk.no\/index.php?rest_route=\/wp\/v2\/posts\/2364\/revisions\/2373"}],"wp:attachment":[{"href":"https:\/\/bergen.katolsk.no\/index.php?rest_route=%2Fwp%2Fv2%2Fmedia&parent=2364"}],"wp:term":[{"taxonomy":"category","embeddable":true,"href":"https:\/\/bergen.katolsk.no\/index.php?rest_route=%2Fwp%2Fv2%2Fcategories&post=2364"},{"taxonomy":"post_tag","embeddable":true,"href":"https:\/\/bergen.katolsk.no\/index.php?rest_route=%2Fwp%2Fv2%2Ftags&post=2364"}],"curies":[{"name":"wp","href":"https:\/\/api.w.org\/{rel}","templated":true}]}}