{"id":2590,"date":"2016-02-08T20:37:18","date_gmt":"2016-02-08T20:37:18","guid":{"rendered":"http:\/\/bergen.katolsk.no\/?p=2590"},"modified":"2016-02-08T20:39:17","modified_gmt":"2016-02-08T20:39:17","slug":"gerd-wicklund-hansen-r-i-p","status":"publish","type":"post","link":"https:\/\/bergen.katolsk.no\/?p=2590","title":{"rendered":"Gerd Wicklund Hansen R.I.P."},"content":{"rendered":"<p><a href=\"http:\/\/bergen.katolsk.no\/wp-content\/uploads\/2016\/02\/maxresdefault.jpg\"><img loading=\"lazy\" decoding=\"async\" class=\"alignleft wp-image-2592 size-thumbnail\" src=\"http:\/\/bergen.katolsk.no\/wp-content\/uploads\/2016\/02\/maxresdefault-150x150.jpg\" alt=\"maxresdefault\" width=\"150\" height=\"150\" \/><\/a>Vi tok i dagens rekviemmesse avskjed med Gerd Wicklund-Hansen som d\u00f8de den 28. januar, 88 \u00e5r gammel, bare 2 m\u00e5neder etter sin mann \u2013 diakon Gunnar Wicklund-Hansen. Begge to var tilknyttet St. Paul menighet hele sitt voksne liv.<\/p>\n<p>Gerd var i tillegg kjent som kulturperson og popul\u00e6r programleder p\u00e5 NRK. (\u00abAntikviteter og snurrepiperier\u00bb). Hun var ogs\u00e5 h\u00f8yt ansett av kolleger som en banebrytende f\u00f8rskolel\u00e6rer og barnehagekonsulent. Her m\u00e5 det nevnes at hun som nyutdannet pedagog p\u00e5 1950-tallet ikke fikk ansettelse i noen barnehage fordi hun var katolikk! Men tidene har endret seg, og i mange \u00e5r jobbet hun hos Fylkesmannen nettopp med nye tanker rundt barnehage og f\u00f8rskole. Hun brente for barnas beste. For 2 \u00e5r siden ble hun intervjuet som en \u00abbarnehagepioner\u00bb av H\u00f8yskole i Bergen.\u00a0<a href=\"https:\/\/www.youtube.com\/watch?v=hKMguAgOJqk\" target=\"_blank\">Her<\/a> kan se dette intervjuet.<\/p>\n<p>Vi lyser fred over Gerd Wicklund-Hansens minne.<\/p>\n<p>&nbsp;<\/p>\n","protected":false},"excerpt":{"rendered":"<p>Vi tok i dagens rekviemmesse avskjed med Gerd Wicklund-Hansen som d\u00f8de den 28. januar, 88 \u00e5r gammel, bare 2 m\u00e5neder<\/p>\n","protected":false},"author":3,"featured_media":0,"comment_status":"closed","ping_status":"closed","sticky":false,"template":"","format":"standard","meta":{"colormag_page_container_layout":"default_layout","colormag_page_sidebar_layout":"default_layout","_exactmetrics_skip_tracking":false,"_exactmetrics_sitenote_active":false,"_exactmetrics_sitenote_note":"","_exactmetrics_sitenote_category":0,"footnotes":""},"categories":[1],"tags":[],"class_list":["post-2590","post","type-post","status-publish","format-standard","hentry","category-aktuelt"],"_links":{"self":[{"href":"https:\/\/bergen.katolsk.no\/index.php?rest_route=\/wp\/v2\/posts\/2590","targetHints":{"allow":["GET"]}}],"collection":[{"href":"https:\/\/bergen.katolsk.no\/index.php?rest_route=\/wp\/v2\/posts"}],"about":[{"href":"https:\/\/bergen.katolsk.no\/index.php?rest_route=\/wp\/v2\/types\/post"}],"author":[{"embeddable":true,"href":"https:\/\/bergen.katolsk.no\/index.php?rest_route=\/wp\/v2\/users\/3"}],"replies":[{"embeddable":true,"href":"https:\/\/bergen.katolsk.no\/index.php?rest_route=%2Fwp%2Fv2%2Fcomments&post=2590"}],"version-history":[{"count":3,"href":"https:\/\/bergen.katolsk.no\/index.php?rest_route=\/wp\/v2\/posts\/2590\/revisions"}],"predecessor-version":[{"id":2594,"href":"https:\/\/bergen.katolsk.no\/index.php?rest_route=\/wp\/v2\/posts\/2590\/revisions\/2594"}],"wp:attachment":[{"href":"https:\/\/bergen.katolsk.no\/index.php?rest_route=%2Fwp%2Fv2%2Fmedia&parent=2590"}],"wp:term":[{"taxonomy":"category","embeddable":true,"href":"https:\/\/bergen.katolsk.no\/index.php?rest_route=%2Fwp%2Fv2%2Fcategories&post=2590"},{"taxonomy":"post_tag","embeddable":true,"href":"https:\/\/bergen.katolsk.no\/index.php?rest_route=%2Fwp%2Fv2%2Ftags&post=2590"}],"curies":[{"name":"wp","href":"https:\/\/api.w.org\/{rel}","templated":true}]}}