{"id":2612,"date":"2016-02-12T18:55:39","date_gmt":"2016-02-12T18:55:39","guid":{"rendered":"http:\/\/bergen.katolsk.no\/?p=2612"},"modified":"2016-02-12T18:55:39","modified_gmt":"2016-02-12T18:55:39","slug":"ogloszenia-niedziela-14-lutego-2016","status":"publish","type":"post","link":"https:\/\/bergen.katolsk.no\/?p=2612","title":{"rendered":"OG\u0141OSZENIA niedziela 14 lutego 2016"},"content":{"rendered":"<p>&#8211; Parafia potrzebuje wiekszej liczby dy\u017curnych,\u00a0kt\u00f3rzy pos\u0142ugiwali by\u00a0w czasie sumy o godz 11ej oraz podczas g\u0142\u00f3wnych Mszy \u015awi\u0119tych w czasie Wiekiego Tygodnia, Wielkanocy, podczas Pierwszej Komunii (4 Msze Sw.) i Bierzmowania (trzy Msze Sw). Tak kobiety, jak me\u017cczy\u017ani proszeni s\u0105 o zg\u0142aszanie si\u0119 do tej tak wa\u017cnej pos\u0142ugi. Wkr\u00f3tce przeprowadzone te\u017c zostanie szkolenie nowych dy\u017curnych. Prosimy i zg\u0142aszanie si\u0119 do biura parafialnego, albo w zakrystii, albo do przewodnicz\u0105cej rady Parafialnej p.Ewy Bivand.<\/p>\n<p>\u2013 Czwartek 25go do soboty 27go lutego Parafialne Rekolekcje Wielkopostne poprowadzi o.Arne Kirsebom SSCC.Udzia\u0142 w trzydniowych rekolekcjach umo\u017cliwia uzyskanie odpustu zupe\u0142nego przy spe\u0142nieniu obowi\u0105zuj\u0105cych warunk\u00f3w.<\/p>\n<p>\u2013 Kurs norweskiego dla pocz\u0105tkuj\u0105cych prowadzony przez Caritas rozpocz\u0105\u0142 si\u0119 w zesz\u0142ym tygodiu, ale s\u0105 jeszcze miejsca. Zg\u0142oszenia do 16go lutego przez link na stronie internetowej <a href=\"http:\/\/caritasbergen.no\/\">caritasbergen.no<\/a>. Informacje \u015ba tak\u017ce po polsku (<em>trzeba nacisn\u0105\u0107 norwesk\u0105 flag\u0119 na dole strony, \u017ceby zmieni\u0107 j\u0119zyk).<\/em><\/p>\n<p>\u2013 Grupa studencka Fides zaprasza wszyskich student\u00f3w i m\u0142odych od 18 do 35 lat. Grupa jest mi\u0119dzynarodowa i spotyka si\u0119 w ka\u017cd\u0105 niedziel\u0119 po Mszy \u015aw w j\u0119z. angielskim. Za tydzie\u0144 \u2013 14.02. wyk\u0105d Erika Andvika<em> \u2013 Wola Bo\u017ca- jak odnale\u017c\u0107 nasze powo\u0142anie. <\/em>Zapraszamy.<\/p>\n<p>Katolsk forum zaprasza na wyk\u0142ad we wtorek 16 lutego pt \u201eSynod o rodzinie \u2013 TAK dla ma\u0142\u017ce\u0144twa i rodziny, mi\u0142osierdzie dla wszystkich\u201d. Wyk\u0142ad wyg\u0142osi Maria Fongen z Duszpasterstwa Rodzin w OKB. Zapraszamy do Pokoju Nauczycielskieg o godz 19.45.<\/p>\n<p>&nbsp;<\/p>\n<p>Po Sumie o godz 11.00 kawa w Krypcie.<\/p>\n<p>&nbsp;<\/p>\n","protected":false},"excerpt":{"rendered":"<p>&#8211; Parafia potrzebuje wiekszej liczby dy\u017curnych,\u00a0kt\u00f3rzy pos\u0142ugiwali by\u00a0w czasie sumy o godz 11ej oraz podczas g\u0142\u00f3wnych Mszy \u015awi\u0119tych w czasie<\/p>\n","protected":false},"author":3,"featured_media":0,"comment_status":"closed","ping_status":"closed","sticky":false,"template":"","format":"standard","meta":{"colormag_page_container_layout":"default_layout","colormag_page_sidebar_layout":"default_layout","_exactmetrics_skip_tracking":false,"_exactmetrics_sitenote_active":false,"_exactmetrics_sitenote_note":"","_exactmetrics_sitenote_category":0,"footnotes":""},"categories":[5],"tags":[],"class_list":["post-2612","post","type-post","status-publish","format-standard","hentry","category-polski"],"_links":{"self":[{"href":"https:\/\/bergen.katolsk.no\/index.php?rest_route=\/wp\/v2\/posts\/2612","targetHints":{"allow":["GET"]}}],"collection":[{"href":"https:\/\/bergen.katolsk.no\/index.php?rest_route=\/wp\/v2\/posts"}],"about":[{"href":"https:\/\/bergen.katolsk.no\/index.php?rest_route=\/wp\/v2\/types\/post"}],"author":[{"embeddable":true,"href":"https:\/\/bergen.katolsk.no\/index.php?rest_route=\/wp\/v2\/users\/3"}],"replies":[{"embeddable":true,"href":"https:\/\/bergen.katolsk.no\/index.php?rest_route=%2Fwp%2Fv2%2Fcomments&post=2612"}],"version-history":[{"count":1,"href":"https:\/\/bergen.katolsk.no\/index.php?rest_route=\/wp\/v2\/posts\/2612\/revisions"}],"predecessor-version":[{"id":2613,"href":"https:\/\/bergen.katolsk.no\/index.php?rest_route=\/wp\/v2\/posts\/2612\/revisions\/2613"}],"wp:attachment":[{"href":"https:\/\/bergen.katolsk.no\/index.php?rest_route=%2Fwp%2Fv2%2Fmedia&parent=2612"}],"wp:term":[{"taxonomy":"category","embeddable":true,"href":"https:\/\/bergen.katolsk.no\/index.php?rest_route=%2Fwp%2Fv2%2Fcategories&post=2612"},{"taxonomy":"post_tag","embeddable":true,"href":"https:\/\/bergen.katolsk.no\/index.php?rest_route=%2Fwp%2Fv2%2Ftags&post=2612"}],"curies":[{"name":"wp","href":"https:\/\/api.w.org\/{rel}","templated":true}]}}