{"id":27915,"date":"2024-08-21T12:30:20","date_gmt":"2024-08-21T12:30:20","guid":{"rendered":"https:\/\/bergen.katolsk.no\/?p=27915"},"modified":"2024-08-21T12:30:22","modified_gmt":"2024-08-21T12:30:22","slug":"valfart-til-roma","status":"publish","type":"post","link":"https:\/\/bergen.katolsk.no\/?p=27915","title":{"rendered":"Valfart til Roma"},"content":{"rendered":"\n<figure class=\"wp-block-image size-large\"><a href=\"https:\/\/bergen.katolsk.no\/wp-content\/uploads\/2024\/08\/IMG_3147-scaled.jpg\"><img loading=\"lazy\" decoding=\"async\" width=\"1024\" height=\"683\" src=\"https:\/\/bergen.katolsk.no\/wp-content\/uploads\/2024\/08\/IMG_3147-1024x683.jpg\" alt=\"\" class=\"wp-image-27916\" srcset=\"https:\/\/bergen.katolsk.no\/wp-content\/uploads\/2024\/08\/IMG_3147-1024x683.jpg 1024w, https:\/\/bergen.katolsk.no\/wp-content\/uploads\/2024\/08\/IMG_3147-300x200.jpg 300w, https:\/\/bergen.katolsk.no\/wp-content\/uploads\/2024\/08\/IMG_3147-768x512.jpg 768w, https:\/\/bergen.katolsk.no\/wp-content\/uploads\/2024\/08\/IMG_3147-1536x1024.jpg 1536w, https:\/\/bergen.katolsk.no\/wp-content\/uploads\/2024\/08\/IMG_3147-2048x1365.jpg 2048w, https:\/\/bergen.katolsk.no\/wp-content\/uploads\/2024\/08\/IMG_3147-956x637.jpg 956w\" sizes=\"auto, (max-width: 1024px) 100vw, 1024px\" \/><\/a><\/figure>\n\n\n\n<div style=\"height:23px\" aria-hidden=\"true\" class=\"wp-block-spacer\"><\/div>\n\n\n\n<p>Neste \u00e5r er det jubel\u00e5r og mange drar p\u00e5 valfart til Roma. Det arrangeres en felles nordisk valfart til Roma 1-3. februar. Det er program som man kan v\u00e6re med p\u00e5. Reise og opphold organiserer hver enkelt. <a href=\"https:\/\/www.katolsk.no\/nyheter\/2024\/06\/bli-med-pa-stor-nordisk-valfart-til-roma-i-2025\" target=\"_blank\" rel=\"noreferrer noopener\">Les mer her.<\/a><\/p>\n\n\n\n<p>For de som vil f\u00e5 med seg mer arrangerer Misjon2030 og EWTN Norge et opplegg som varer fra 29. januar til og med 3. februar. Her m\u00e5 man ordne reise selv, men hotell og m\u00e5ltider er felles. De begynner med et opplegg for gruppen p\u00e5 reisen og fortsetter sammen med den felles nordiske valfarten. Side med mer informasjon, p\u00e5meldingsskjema og program <a href=\"https:\/\/ewtn.no\/misjon2030-pilgrimstur\/\" target=\"_blank\" rel=\"noreferrer noopener\">finner du her.<\/a><\/p>\n","protected":false},"excerpt":{"rendered":"<p>Neste \u00e5r er det jubel\u00e5r og mange drar p\u00e5 valfart til Roma. Det arrangeres en felles nordisk valfart til Roma<\/p>\n","protected":false},"author":6,"featured_media":0,"comment_status":"closed","ping_status":"closed","sticky":false,"template":"","format":"standard","meta":{"colormag_page_container_layout":"default_layout","colormag_page_sidebar_layout":"default_layout","_exactmetrics_skip_tracking":false,"_exactmetrics_sitenote_active":false,"_exactmetrics_sitenote_note":"","_exactmetrics_sitenote_category":0,"footnotes":""},"categories":[1],"tags":[],"class_list":["post-27915","post","type-post","status-publish","format-standard","hentry","category-aktuelt"],"_links":{"self":[{"href":"https:\/\/bergen.katolsk.no\/index.php?rest_route=\/wp\/v2\/posts\/27915","targetHints":{"allow":["GET"]}}],"collection":[{"href":"https:\/\/bergen.katolsk.no\/index.php?rest_route=\/wp\/v2\/posts"}],"about":[{"href":"https:\/\/bergen.katolsk.no\/index.php?rest_route=\/wp\/v2\/types\/post"}],"author":[{"embeddable":true,"href":"https:\/\/bergen.katolsk.no\/index.php?rest_route=\/wp\/v2\/users\/6"}],"replies":[{"embeddable":true,"href":"https:\/\/bergen.katolsk.no\/index.php?rest_route=%2Fwp%2Fv2%2Fcomments&post=27915"}],"version-history":[{"count":3,"href":"https:\/\/bergen.katolsk.no\/index.php?rest_route=\/wp\/v2\/posts\/27915\/revisions"}],"predecessor-version":[{"id":27919,"href":"https:\/\/bergen.katolsk.no\/index.php?rest_route=\/wp\/v2\/posts\/27915\/revisions\/27919"}],"wp:attachment":[{"href":"https:\/\/bergen.katolsk.no\/index.php?rest_route=%2Fwp%2Fv2%2Fmedia&parent=27915"}],"wp:term":[{"taxonomy":"category","embeddable":true,"href":"https:\/\/bergen.katolsk.no\/index.php?rest_route=%2Fwp%2Fv2%2Fcategories&post=27915"},{"taxonomy":"post_tag","embeddable":true,"href":"https:\/\/bergen.katolsk.no\/index.php?rest_route=%2Fwp%2Fv2%2Ftags&post=27915"}],"curies":[{"name":"wp","href":"https:\/\/api.w.org\/{rel}","templated":true}]}}