{"id":28016,"date":"2024-09-13T16:53:48","date_gmt":"2024-09-13T16:53:48","guid":{"rendered":"https:\/\/bergen.katolsk.no\/?p=28016"},"modified":"2024-09-13T17:46:56","modified_gmt":"2024-09-13T17:46:56","slug":"kunngjoringer-sondag-15-sept-2024","status":"publish","type":"post","link":"https:\/\/bergen.katolsk.no\/?p=28016","title":{"rendered":"KUNNGJ\u00d8RINGER S\u00d8NDAG 15. SEPT 2024"},"content":{"rendered":"\n<figure class=\"wp-block-gallery has-nested-images columns-default is-cropped wp-block-gallery-1 is-layout-flex wp-block-gallery-is-layout-flex\">\n<figure class=\"wp-block-image size-full\"><a href=\"https:\/\/bergen.katolsk.no\/wp-content\/uploads\/2024\/09\/St.-paul-Kirke2.jpg\"><img loading=\"lazy\" decoding=\"async\" width=\"425\" height=\"640\" data-id=\"28025\" src=\"https:\/\/bergen.katolsk.no\/wp-content\/uploads\/2024\/09\/St.-paul-Kirke2.jpg\" alt=\"\" class=\"wp-image-28025\" srcset=\"https:\/\/bergen.katolsk.no\/wp-content\/uploads\/2024\/09\/St.-paul-Kirke2.jpg 425w, https:\/\/bergen.katolsk.no\/wp-content\/uploads\/2024\/09\/St.-paul-Kirke2-199x300.jpg 199w\" sizes=\"auto, (max-width: 425px) 100vw, 425px\" \/><\/a><\/figure>\n<\/figure>\n\n\n\n<p>&#8211; Eldre katolikker inviteres til samv\u00e6r hver mandag etter morgenmessen i Birgittakjelleren ca. kl. 11:30. Det blir te, kaffe, prat og sang. Oppstart: mandag,&nbsp;16. september.<\/p>\n\n\n\n<p>&#8211; Alle som \u00f8nsker \u00e5 gifte seg katolsk m\u00e5 g\u00e5 gjennom et forberedende kurs. H\u00f8stens ekteskapskurs har oppstart mandag 21. oktober kl. 18-20 p\u00e5 skolens personalrom og g\u00e5r 4 mandager fremover. P\u00e5melding til menighetskontoret&nbsp;eller til en av prestene.<\/p>\n\n\n\n<p>&#8211; Vi minner om at studentgruppen \u00abFides\u00bb m\u00f8tes hver s\u00f8ndag etter den engelske kveldsmessen (ca. kl.&nbsp;19.00).<\/p>\n\n\n\n<p>&#8211; I den kommende uken er menighetskontoret kun betjent onsdag, 18. september mellom kl. 10-15. Alle andre dager tas henvendelser imot p\u00e5 telefon. Vennligst ring til menighetens nummer.<\/p>\n\n\n\n<p>&#8211; Torsdag, 26. september blir det ungdomskatekese med ledertrening for ungdommer fra 10. klasse og oppover. Det blir kl. 17-19.30 i 4. etg. p\u00e5 menighetskontoret.<\/p>\n\n\n\n<p>&#8212;&#8212;&#8212;&#8212;&#8212;&#8212;&#8212;&#8212;&#8212;&#8212;&#8212;&#8212;&#8212;&#8212;&#8212;&#8212;&#8212;&#8212;&#8212;&#8212;&#8212;&#8212;&#8212;<\/p>\n\n\n\n<p><em>Etter h\u00f8ymessen<\/em> er alle hjertelig velkommen til kirkekaffe i Krypten.<\/p>\n","protected":false},"excerpt":{"rendered":"<p>&#8211; Eldre katolikker inviteres til samv\u00e6r hver mandag etter morgenmessen i Birgittakjelleren ca. kl. 11:30. Det blir te, kaffe, prat<\/p>\n","protected":false},"author":12,"featured_media":0,"comment_status":"closed","ping_status":"closed","sticky":false,"template":"","format":"standard","meta":{"colormag_page_container_layout":"default_layout","colormag_page_sidebar_layout":"default_layout","_exactmetrics_skip_tracking":false,"_exactmetrics_sitenote_active":false,"_exactmetrics_sitenote_note":"","_exactmetrics_sitenote_category":0,"footnotes":""},"categories":[4],"tags":[],"class_list":["post-28016","post","type-post","status-publish","format-standard","hentry","category-kunngjoring"],"_links":{"self":[{"href":"https:\/\/bergen.katolsk.no\/index.php?rest_route=\/wp\/v2\/posts\/28016","targetHints":{"allow":["GET"]}}],"collection":[{"href":"https:\/\/bergen.katolsk.no\/index.php?rest_route=\/wp\/v2\/posts"}],"about":[{"href":"https:\/\/bergen.katolsk.no\/index.php?rest_route=\/wp\/v2\/types\/post"}],"author":[{"embeddable":true,"href":"https:\/\/bergen.katolsk.no\/index.php?rest_route=\/wp\/v2\/users\/12"}],"replies":[{"embeddable":true,"href":"https:\/\/bergen.katolsk.no\/index.php?rest_route=%2Fwp%2Fv2%2Fcomments&post=28016"}],"version-history":[{"count":7,"href":"https:\/\/bergen.katolsk.no\/index.php?rest_route=\/wp\/v2\/posts\/28016\/revisions"}],"predecessor-version":[{"id":28027,"href":"https:\/\/bergen.katolsk.no\/index.php?rest_route=\/wp\/v2\/posts\/28016\/revisions\/28027"}],"wp:attachment":[{"href":"https:\/\/bergen.katolsk.no\/index.php?rest_route=%2Fwp%2Fv2%2Fmedia&parent=28016"}],"wp:term":[{"taxonomy":"category","embeddable":true,"href":"https:\/\/bergen.katolsk.no\/index.php?rest_route=%2Fwp%2Fv2%2Fcategories&post=28016"},{"taxonomy":"post_tag","embeddable":true,"href":"https:\/\/bergen.katolsk.no\/index.php?rest_route=%2Fwp%2Fv2%2Ftags&post=28016"}],"curies":[{"name":"wp","href":"https:\/\/api.w.org\/{rel}","templated":true}]}}