{"id":28088,"date":"2024-09-25T11:04:05","date_gmt":"2024-09-25T11:04:05","guid":{"rendered":"https:\/\/bergen.katolsk.no\/?p=28088"},"modified":"2024-09-27T08:07:41","modified_gmt":"2024-09-27T08:07:41","slug":"fra-marias-minde-til-harstad","status":"publish","type":"post","link":"https:\/\/bergen.katolsk.no\/?p=28088","title":{"rendered":"Fra Marias Minde til Harstad"},"content":{"rendered":"\n<figure class=\"wp-block-image size-large is-resized\"><a href=\"https:\/\/bergen.katolsk.no\/wp-content\/uploads\/2024\/09\/IMG-20240919-WA0000.jpg\"><img loading=\"lazy\" decoding=\"async\" width=\"576\" height=\"1024\" src=\"https:\/\/bergen.katolsk.no\/wp-content\/uploads\/2024\/09\/IMG-20240919-WA0000-576x1024.jpg\" alt=\"\" class=\"wp-image-28089\" style=\"width:840px;height:auto\" srcset=\"https:\/\/bergen.katolsk.no\/wp-content\/uploads\/2024\/09\/IMG-20240919-WA0000-576x1024.jpg 576w, https:\/\/bergen.katolsk.no\/wp-content\/uploads\/2024\/09\/IMG-20240919-WA0000-169x300.jpg 169w, https:\/\/bergen.katolsk.no\/wp-content\/uploads\/2024\/09\/IMG-20240919-WA0000.jpg 716w\" sizes=\"auto, (max-width: 576px) 100vw, 576px\" \/><\/a><\/figure>\n\n\n\n<p><em>fot. Hoang Van Nguyen<\/em><\/p>\n\n\n\n<p>S\u00f8strene av det Hellige Kors fra Nha Trang som hittil hadde sine kommuniteter i H\u00f8nefoss (siden 5. des, 2003) og p\u00e5 Marias Minde i Bergen (siden 21. mars 2011) etablerte denne sommeren (7. juli) en ny kommunitet i Harstad. S\u00f8ster Madeleine Nguyen Thi Minh Hoa er priorinne for den nye Sta. Sunniva kommuniteten. Det betyr at s\u00f8ster Madeleine reiste fra Bergen til Harstad og at s\u00f8ster Theresa Tran Thi Hua n\u00e5 er priorinne i Bergen.<\/p>\n\n\n\n<p>Vi snakket b\u00e5de med sr. Madeleine og sr. Theresa om kommuniteter i Bergen og Harstad og endringene i s\u00f8strenes hverdag.<\/p>\n\n\n\n<p>S\u00f8ster Madeleine er i Harstad sammen med to andre s\u00f8stre som kom fra H\u00f8nefoss. Sr. Anna Nguyen Thi Hoa Glang og s\u00f8ster Anna Tran Thi Thuong. S\u00f8strene fra H\u00f8nefoss kom til Harstad tidligere og jobber allerede som ringevikar p\u00e5 sykehjem i Harstad.<\/p>\n\n\n\n<p>S\u00f8ster Madeleine ankom Harstad kj\u00f8rende. Hun hadde f\u00f8lge med venner fra Bergen som ville v\u00e6re med henne den lange veien. En over 150 mil kj\u00f8retur gir god innsikt i avstander mellom katolske menigheter, samtidig som den gir en mulighet til \u00e5 beundre den norske fjellheimen. P\u00e5 veien nordover stoppet de i Trondheim for \u00e5 m\u00f8te biskop Erik Varden som er fortiden apostolisk administrator i Troms\u00f8.&nbsp; <\/p>\n\n\n\n<figure class=\"wp-block-image size-large\"><a href=\"https:\/\/bergen.katolsk.no\/wp-content\/uploads\/2024\/09\/IMG-20240918-WA0006.jpg\"><img loading=\"lazy\" decoding=\"async\" width=\"479\" height=\"1024\" src=\"https:\/\/bergen.katolsk.no\/wp-content\/uploads\/2024\/09\/IMG-20240918-WA0006-479x1024.jpg\" alt=\"\" class=\"wp-image-28090\" srcset=\"https:\/\/bergen.katolsk.no\/wp-content\/uploads\/2024\/09\/IMG-20240918-WA0006-479x1024.jpg 479w, https:\/\/bergen.katolsk.no\/wp-content\/uploads\/2024\/09\/IMG-20240918-WA0006-140x300.jpg 140w, https:\/\/bergen.katolsk.no\/wp-content\/uploads\/2024\/09\/IMG-20240918-WA0006.jpg 595w\" sizes=\"auto, (max-width: 479px) 100vw, 479px\" \/><\/a><\/figure>\n\n\n\n<hr class=\"wp-block-separator has-alpha-channel-opacity\"\/>\n\n\n\n<p>Veien gikk videre gjennom menigheter i Mosj\u00f8en og Storfjord i Lofoten hvor sr. Madeleine kunne treffe sogneprest p\u00e5 P. Marek Che\u0142miniak og sogneadministrator P. Erhard Osmantzik, begge to tilh\u00f8rer Misjon\u00e6rene av Den hellige famille (MSF).<\/p>\n\n\n\n<figure class=\"wp-block-image size-large\"><a href=\"https:\/\/bergen.katolsk.no\/wp-content\/uploads\/2024\/09\/IMG-20240918-WA0013.jpg\"><img loading=\"lazy\" decoding=\"async\" width=\"560\" height=\"1024\" src=\"https:\/\/bergen.katolsk.no\/wp-content\/uploads\/2024\/09\/IMG-20240918-WA0013-560x1024.jpg\" alt=\"\" class=\"wp-image-28091\" srcset=\"https:\/\/bergen.katolsk.no\/wp-content\/uploads\/2024\/09\/IMG-20240918-WA0013-560x1024.jpg 560w, https:\/\/bergen.katolsk.no\/wp-content\/uploads\/2024\/09\/IMG-20240918-WA0013-164x300.jpg 164w, https:\/\/bergen.katolsk.no\/wp-content\/uploads\/2024\/09\/IMG-20240918-WA0013.jpg 696w\" sizes=\"auto, (max-width: 560px) 100vw, 560px\" \/><\/a><\/figure>\n\n\n\n<hr class=\"wp-block-separator has-alpha-channel-opacity\"\/>\n\n\n\n<figure class=\"wp-block-image size-large\"><a href=\"https:\/\/bergen.katolsk.no\/wp-content\/uploads\/2024\/09\/IMG-20240918-WA0038.jpg\"><img loading=\"lazy\" decoding=\"async\" width=\"1024\" height=\"682\" src=\"https:\/\/bergen.katolsk.no\/wp-content\/uploads\/2024\/09\/IMG-20240918-WA0038-1024x682.jpg\" alt=\"\" class=\"wp-image-28096\" srcset=\"https:\/\/bergen.katolsk.no\/wp-content\/uploads\/2024\/09\/IMG-20240918-WA0038-1024x682.jpg 1024w, https:\/\/bergen.katolsk.no\/wp-content\/uploads\/2024\/09\/IMG-20240918-WA0038-300x200.jpg 300w, https:\/\/bergen.katolsk.no\/wp-content\/uploads\/2024\/09\/IMG-20240918-WA0038-768x512.jpg 768w, https:\/\/bergen.katolsk.no\/wp-content\/uploads\/2024\/09\/IMG-20240918-WA0038-1536x1023.jpg 1536w, https:\/\/bergen.katolsk.no\/wp-content\/uploads\/2024\/09\/IMG-20240918-WA0038-956x637.jpg 956w, https:\/\/bergen.katolsk.no\/wp-content\/uploads\/2024\/09\/IMG-20240918-WA0038.jpg 1600w\" sizes=\"auto, (max-width: 1024px) 100vw, 1024px\" \/><\/a><\/figure>\n\n\n\n<p>I Harstad bor s\u00f8strene i en s\u00f8sterbolig i menighetshuset og er allerede blitt kjent med den menigheten hvor, som andre steder i Norge, de troende kommer fra hele verden med polsk- og filippinskf\u00f8dte katolikker i stort flertall. Derimot er det bare noen f\u00e5 f\u00f8dt i Vietnam. Det er en stor forskjell fra St. Paul menighet som har en stor og meget aktiv vietnamesisk gruppe.<\/p>\n\n\n\n<figure class=\"wp-block-image size-large\"><a href=\"https:\/\/bergen.katolsk.no\/wp-content\/uploads\/2024\/09\/IMG-20240919-WA0001.jpg\"><img loading=\"lazy\" decoding=\"async\" width=\"1024\" height=\"576\" src=\"https:\/\/bergen.katolsk.no\/wp-content\/uploads\/2024\/09\/IMG-20240919-WA0001-1024x576.jpg\" alt=\"\" class=\"wp-image-28092\" srcset=\"https:\/\/bergen.katolsk.no\/wp-content\/uploads\/2024\/09\/IMG-20240919-WA0001-1024x576.jpg 1024w, https:\/\/bergen.katolsk.no\/wp-content\/uploads\/2024\/09\/IMG-20240919-WA0001-300x169.jpg 300w, https:\/\/bergen.katolsk.no\/wp-content\/uploads\/2024\/09\/IMG-20240919-WA0001-768x432.jpg 768w, https:\/\/bergen.katolsk.no\/wp-content\/uploads\/2024\/09\/IMG-20240919-WA0001-1536x864.jpg 1536w, https:\/\/bergen.katolsk.no\/wp-content\/uploads\/2024\/09\/IMG-20240919-WA0001-956x538.jpg 956w, https:\/\/bergen.katolsk.no\/wp-content\/uploads\/2024\/09\/IMG-20240919-WA0001.jpg 1553w\" sizes=\"auto, (max-width: 1024px) 100vw, 1024px\" \/><\/a><\/figure>\n\n\n\n<hr class=\"wp-block-separator has-alpha-channel-opacity\"\/>\n\n\n\n<p>S\u00f8ster Madeleine forteller at tanken om en kommunitet i Nord-Norge har v\u00e6rt der lenge. Elisabeth-s\u00f8strene hadde i sin tid sykehus i Harstad, men i dag er de bare i Troms\u00f8 og Hammerfest, alts\u00e5 i den nordligste delen av Troms\u00f8 Stift, men Dominikanerinner har sitt hus i Mariaklosteret i Bod\u00f8. Det har derfor v\u00e6rt et \u00f8nske over lang tid om \u00e5 f\u00e5 s\u00f8stre ogs\u00e5 i den midterste delen av stiftet. Men bare n\u00e5 ble det en realitet. Etter flere \u00e5r i H\u00f8nefoss og i Bergen frykter s\u00f8strene ikke den nord-norske vinteren. De er litt spent p\u00e5 hvordan opplever de m\u00f8rketida, men n\u00e5r man ser p\u00e5 oppgavene som venter blir det nok ikke mye tid til \u00e5 tenke p\u00e5 det.<\/p>\n\n\n\n<p>S\u00f8strene har allerede begynt med sin tjeneste i menigheten. De tar sakristan-oppgaver, hjelpe presten med organisering av messer, gudstjenester og s\u00e6rlig med katekese for barn og ungdom. De skal ogs\u00e5 f\u00e5 mulighet til \u00e5 dele ut Den hellige kommunion og etter hvert ogs\u00e5 lede ordets gudstjenester uten prest n\u00e5r prest er ikke der. Og de har allerede ledsaget presten til andre steder som Myre i Vester\u00e5len og Sortland der han leser messe for dem som ikke kan komme til kirken om s\u00f8ndagene pga. den lange avstanden. Det tar 3 \u2013 4 timer med privatbil til Harstad. De som ikke eier bil, har ingen mulighet \u00e5 komme til kirken p\u00e5 s\u00f8ndag siden bussene kun kj\u00f8rer i ukedagene.<\/p>\n\n\n\n<p>I tillegg til arbeid i menigheten, planlegger s\u00f8strene \u00e5 jobbe en del i helsevesenet i ukedagene. \u2013 Og selvsagt ble kjent med de neste tusen katolikker i menigheten, noe som de allerede er i gang med. Ogs\u00e5 andre innbyggere i Harstad har lagt merke til s\u00f8strenes tilstedev\u00e6relse i byen.<\/p>\n\n\n\n<p>I H\u00f8nefoss er det igjen tre s\u00f8stre, sr. Lucia, sr .Martha og sr. Maria og i Bergen bor sr. Theresa, sr. Ane og sr. Maria Goretti. De h\u00e5per at det snart kommer en s\u00f8ster til fra Vietnam, men formaliteter tar tid.<\/p>\n\n\n\n<p>Ogs\u00e5 s\u00f8strene i Bergen jobber p\u00e5 sykehjem og i barnehage.&nbsp; I V\u00e5r frue kirke har de sakristan-oppgaver, de forbereder messer, \u00f8ver nye salmer og forbereder lesninger, kort sagt; s\u00f8rger for at alt fungerer. De hjelper i menighetskatekese og bes\u00f8ker de syke.&nbsp; De tar imot folk som er interessert i klosteret, som det var for to uker siden da \u00e5rets Open House Bergen presenterte Marias Minde som en arkitektonisk perle.&nbsp;&nbsp; <\/p>\n\n\n\n<figure class=\"wp-block-image size-large\"><a href=\"https:\/\/bergen.katolsk.no\/wp-content\/uploads\/2024\/09\/20240915_200536-scaled.jpg\"><img loading=\"lazy\" decoding=\"async\" width=\"768\" height=\"1024\" src=\"https:\/\/bergen.katolsk.no\/wp-content\/uploads\/2024\/09\/20240915_200536-768x1024.jpg\" alt=\"\" class=\"wp-image-28093\" srcset=\"https:\/\/bergen.katolsk.no\/wp-content\/uploads\/2024\/09\/20240915_200536-768x1024.jpg 768w, https:\/\/bergen.katolsk.no\/wp-content\/uploads\/2024\/09\/20240915_200536-225x300.jpg 225w, https:\/\/bergen.katolsk.no\/wp-content\/uploads\/2024\/09\/20240915_200536-1152x1536.jpg 1152w, https:\/\/bergen.katolsk.no\/wp-content\/uploads\/2024\/09\/20240915_200536-1536x2048.jpg 1536w, https:\/\/bergen.katolsk.no\/wp-content\/uploads\/2024\/09\/20240915_200536-956x1275.jpg 956w, https:\/\/bergen.katolsk.no\/wp-content\/uploads\/2024\/09\/20240915_200536-scaled.jpg 1920w\" sizes=\"auto, (max-width: 768px) 100vw, 768px\" \/><\/a><\/figure>\n\n\n\n<p><em>fot. Anne Samuelsen<\/em><\/p>\n\n\n\n<p>Alt dette gj\u00f8r de i tillegg til alle oppgavene i klosteret og i menigheten. Det er det ogs\u00e5 vanlig husarbeid som rengj\u00f8ring og matlaging.<\/p>\n\n\n\n<p>St. Paul menighet bruker Marias Minde i mye st\u00f8rre grad enn f\u00f8r til menighetens katekese og andre aktiviteter. Det er gledelig \u00e5 se at flere rom i 1. etasje n\u00e5 er innredet som atrier for Den Gode Hyrde katekese. Andre grupper fra menigheten bruker ogs\u00e5 lokaler til m\u00f8ter, sang og b\u00f8nn.<\/p>\n\n\n\n<p>Det er mange som kommer til messe om s\u00f8ndagene \u2013 kl. 10 p\u00e5 norsk, kl.12 p\u00e5 polsk, noen gang p\u00e5 portugisisk eller eritreisk. Sr. Theresa vil gjerne se enda flere komme og gj\u00f8re Marias Minde til et levende katolsk sted hvor Franciskus Xaverius S\u00f8strenes \u00e5nd fortsatt kan v\u00e6re til stede, mens arbeidet f\u00f8res videre med s\u00f8strene av Det Hellige Kors.<\/p>\n\n\n\n<p>Vi \u00f8nsker s\u00f8strene i Harstad, H\u00f8nefoss og her i Bergen alt godt og takker Gud for deres n\u00e6rv\u00e6r i v\u00e5re menigheter.<\/p>\n\n\n\n<p><\/p>\n","protected":false},"excerpt":{"rendered":"<p>fot. Hoang Van Nguyen S\u00f8strene av det Hellige Kors fra Nha Trang som hittil hadde sine kommuniteter i H\u00f8nefoss (siden<\/p>\n","protected":false},"author":3,"featured_media":0,"comment_status":"closed","ping_status":"closed","sticky":false,"template":"","format":"standard","meta":{"colormag_page_container_layout":"default_layout","colormag_page_sidebar_layout":"default_layout","_exactmetrics_skip_tracking":false,"_exactmetrics_sitenote_active":false,"_exactmetrics_sitenote_note":"","_exactmetrics_sitenote_category":0,"footnotes":""},"categories":[1],"tags":[],"class_list":["post-28088","post","type-post","status-publish","format-standard","hentry","category-aktuelt"],"_links":{"self":[{"href":"https:\/\/bergen.katolsk.no\/index.php?rest_route=\/wp\/v2\/posts\/28088","targetHints":{"allow":["GET"]}}],"collection":[{"href":"https:\/\/bergen.katolsk.no\/index.php?rest_route=\/wp\/v2\/posts"}],"about":[{"href":"https:\/\/bergen.katolsk.no\/index.php?rest_route=\/wp\/v2\/types\/post"}],"author":[{"embeddable":true,"href":"https:\/\/bergen.katolsk.no\/index.php?rest_route=\/wp\/v2\/users\/3"}],"replies":[{"embeddable":true,"href":"https:\/\/bergen.katolsk.no\/index.php?rest_route=%2Fwp%2Fv2%2Fcomments&post=28088"}],"version-history":[{"count":2,"href":"https:\/\/bergen.katolsk.no\/index.php?rest_route=\/wp\/v2\/posts\/28088\/revisions"}],"predecessor-version":[{"id":28115,"href":"https:\/\/bergen.katolsk.no\/index.php?rest_route=\/wp\/v2\/posts\/28088\/revisions\/28115"}],"wp:attachment":[{"href":"https:\/\/bergen.katolsk.no\/index.php?rest_route=%2Fwp%2Fv2%2Fmedia&parent=28088"}],"wp:term":[{"taxonomy":"category","embeddable":true,"href":"https:\/\/bergen.katolsk.no\/index.php?rest_route=%2Fwp%2Fv2%2Fcategories&post=28088"},{"taxonomy":"post_tag","embeddable":true,"href":"https:\/\/bergen.katolsk.no\/index.php?rest_route=%2Fwp%2Fv2%2Ftags&post=28088"}],"curies":[{"name":"wp","href":"https:\/\/api.w.org\/{rel}","templated":true}]}}