{"id":28118,"date":"2024-09-27T14:20:00","date_gmt":"2024-09-27T14:20:00","guid":{"rendered":"https:\/\/bergen.katolsk.no\/?p=28118"},"modified":"2024-09-27T14:20:02","modified_gmt":"2024-09-27T14:20:02","slug":"kunngjoringer-sondag-29-sept-2024","status":"publish","type":"post","link":"https:\/\/bergen.katolsk.no\/?p=28118","title":{"rendered":"KUNNGJ\u00d8RINGER S\u00d8NDAG 29. SEPT 2024"},"content":{"rendered":"\n<figure class=\"wp-block-image size-full\"><a href=\"https:\/\/bergen.katolsk.no\/wp-content\/uploads\/2024\/09\/St.-paul-Kirke2.jpg\"><img loading=\"lazy\" decoding=\"async\" width=\"425\" height=\"640\" src=\"https:\/\/bergen.katolsk.no\/wp-content\/uploads\/2024\/09\/St.-paul-Kirke2.jpg\" alt=\"\" class=\"wp-image-28025\" srcset=\"https:\/\/bergen.katolsk.no\/wp-content\/uploads\/2024\/09\/St.-paul-Kirke2.jpg 425w, https:\/\/bergen.katolsk.no\/wp-content\/uploads\/2024\/09\/St.-paul-Kirke2-199x300.jpg 199w\" sizes=\"auto, (max-width: 425px) 100vw, 425px\" \/><\/a><\/figure>\n\n\n\n<p><\/p>\n\n\n\n<p>&#8211; I dag er det Caritas-s\u00f8ndag. Kollekten fra alle messene g\u00e5r derfor uavkortet til Caritas\u2019 arbeid.<\/p>\n\n\n\n<p>&#8211; Torsdag, 3. okt blir det f\u00f8rst vesper kl. 18:30 med b\u00f8nn for kall. Etter kveldsmessen kl. 19:00 inviterer vi til sakraments-tilbedelse til Jesu Hellige Hjerte frem til kl.&nbsp;21:00 med velsignelse.<\/p>\n\n\n\n<p>&#8211; L\u00f8rdag, 5. okt inviteres alle til F\u00f8rstel\u00f8rdagsandakt i kirken kl. 16.30.<\/p>\n\n\n\n<p>&#8211; S\u00f8ndag, 6.okt blir det familiemesse kl. 13 med kirkekaffe i Krypten etterp\u00e5. Ta med mat som du vil dele. Der vil ogs\u00e5 Gruppen \u00abMaria, Alle Hjerters Dronning (MAHD)\u00bb ha samling med barna om rosenkransb\u00f8nnen.<\/p>\n\n\n\n<p class=\"has-black-color has-text-color has-link-color wp-elements-52de8809359002b2d5f0e1f33f108f73\">&#8211; <a>S\u00f8ndag, 6. okt arrangerer Legfransiskanerne i Bergen et m\u00f8te i anledning av at det er 70 \u00e5r siden legordenen ble etablert i St. Paul menighet. Vi markerer forsinket Den hellige Frans. Fransiskanerbroder Bjarne Falkanger er ogs\u00e5 til stede. M\u00f8tet er \u00e5pent for alle og vil v\u00e6re p\u00e5 skolens personalrom kl.&nbsp;13.30.<\/a><\/p>\n\n\n\n<p>&#8211; Mandag, 7. okt. feirer vi Maria av Rosenkransen; det er ogs\u00e5 grunnleggingsdagen til \u00abMissionaries of Charity\u00bb. Mor Teresa-s\u00f8strene inviterer til tilbedelse for \u00e5 takke Gud. Tilbedelsen starter etter kl. 11-messen og avsluttes f\u00f8r kveldsmessen. Hver time bes Rosenkransen p\u00e5 et annet spr\u00e5k. Vennligst kontakt Sr. Lieve dersom du \u00f8nsker \u00e5 lede rosenkransen p\u00e5 ditt spr\u00e5k. Alle er hjertelig velkommen til \u00e5 delta.<\/p>\n\n\n\n<p>&#8211; Alle har vi h\u00f8rt om oversv\u00f8mmelsen i Sentral-Europa, bl.a. Polen. For \u00e5 hjelpe flomofrene tar vi opp en ekstra kollekt i dag ved utgangen etter alle messene. Det er ogs\u00e5 mulig \u00e5 gi en gave p\u00e5 Vipps: 111576, merk: Flom.<\/p>\n\n\n\n<p>&#8212;&#8212;&#8212;&#8212;&#8212;&#8212;&#8212;&#8212;&#8212;&#8212;&#8212;&#8212;&#8212;&#8212;&#8212;&#8212;&#8212;&#8212;&#8212;&#8212;&#8212;&#8212;&#8212;<\/p>\n\n\n\n<p><em>Etter h\u00f8ymessen<\/em> er alle hjertelig velkommen til kirkekaffe i Krypten.<\/p>\n","protected":false},"excerpt":{"rendered":"<p>&#8211; I dag er det Caritas-s\u00f8ndag. Kollekten fra alle messene g\u00e5r derfor uavkortet til Caritas\u2019 arbeid. &#8211; Torsdag, 3. okt<\/p>\n","protected":false},"author":12,"featured_media":0,"comment_status":"closed","ping_status":"closed","sticky":false,"template":"","format":"standard","meta":{"colormag_page_container_layout":"default_layout","colormag_page_sidebar_layout":"default_layout","_exactmetrics_skip_tracking":false,"_exactmetrics_sitenote_active":false,"_exactmetrics_sitenote_note":"","_exactmetrics_sitenote_category":0,"footnotes":""},"categories":[4],"tags":[],"class_list":["post-28118","post","type-post","status-publish","format-standard","hentry","category-kunngjoring"],"_links":{"self":[{"href":"https:\/\/bergen.katolsk.no\/index.php?rest_route=\/wp\/v2\/posts\/28118","targetHints":{"allow":["GET"]}}],"collection":[{"href":"https:\/\/bergen.katolsk.no\/index.php?rest_route=\/wp\/v2\/posts"}],"about":[{"href":"https:\/\/bergen.katolsk.no\/index.php?rest_route=\/wp\/v2\/types\/post"}],"author":[{"embeddable":true,"href":"https:\/\/bergen.katolsk.no\/index.php?rest_route=\/wp\/v2\/users\/12"}],"replies":[{"embeddable":true,"href":"https:\/\/bergen.katolsk.no\/index.php?rest_route=%2Fwp%2Fv2%2Fcomments&post=28118"}],"version-history":[{"count":1,"href":"https:\/\/bergen.katolsk.no\/index.php?rest_route=\/wp\/v2\/posts\/28118\/revisions"}],"predecessor-version":[{"id":28119,"href":"https:\/\/bergen.katolsk.no\/index.php?rest_route=\/wp\/v2\/posts\/28118\/revisions\/28119"}],"wp:attachment":[{"href":"https:\/\/bergen.katolsk.no\/index.php?rest_route=%2Fwp%2Fv2%2Fmedia&parent=28118"}],"wp:term":[{"taxonomy":"category","embeddable":true,"href":"https:\/\/bergen.katolsk.no\/index.php?rest_route=%2Fwp%2Fv2%2Fcategories&post=28118"},{"taxonomy":"post_tag","embeddable":true,"href":"https:\/\/bergen.katolsk.no\/index.php?rest_route=%2Fwp%2Fv2%2Ftags&post=28118"}],"curies":[{"name":"wp","href":"https:\/\/api.w.org\/{rel}","templated":true}]}}