{"id":28169,"date":"2024-10-19T13:59:47","date_gmt":"2024-10-19T13:59:47","guid":{"rendered":"https:\/\/bergen.katolsk.no\/?p=28169"},"modified":"2024-10-19T14:00:51","modified_gmt":"2024-10-19T14:00:51","slug":"kunngjoringer-sondag-20-oktober-2024","status":"publish","type":"post","link":"https:\/\/bergen.katolsk.no\/?p=28169","title":{"rendered":"Kunngj\u00f8ringer s\u00f8ndag 20. oktober 2024"},"content":{"rendered":"\n<figure class=\"wp-block-image size-full\"><a href=\"https:\/\/bergen.katolsk.no\/wp-content\/uploads\/2024\/09\/St.-paul-Kirke2.jpg\"><img loading=\"lazy\" decoding=\"async\" width=\"425\" height=\"640\" src=\"https:\/\/bergen.katolsk.no\/wp-content\/uploads\/2024\/09\/St.-paul-Kirke2.jpg\" alt=\"\" class=\"wp-image-28025\" srcset=\"https:\/\/bergen.katolsk.no\/wp-content\/uploads\/2024\/09\/St.-paul-Kirke2.jpg 425w, https:\/\/bergen.katolsk.no\/wp-content\/uploads\/2024\/09\/St.-paul-Kirke2-199x300.jpg 199w\" sizes=\"auto, (max-width: 425px) 100vw, 425px\" \/><\/a><\/figure>\n\n\n\n<p>&#8211; Denne helgen er det missionss\u00f8ndag. Kollekten g\u00e5r derfor til Missio Norge. Se plakat for mer informasjon.<\/p>\n\n\n\n<p>&#8211; H\u00f8stens ekteskapskurs har oppstart mandag 21. oktober kl. 18-20 p\u00e5 skolens personalrom. Alle som vil gifte seg katolsk, m\u00e5 delta p\u00e5 et slikt kurs.<\/p>\n\n\n\n<p>&#8211; S\u00f8ndag, 27. oktober kl. 15:00 blir det portugisisk messe p\u00e5 Marias Minde med p\u00e5f\u00f8lgende kirkekaffe. F\u00f8r messen, fra kl.14:00 av, er det mulig \u00e5 skrifte p\u00e5 portugisisk.<\/p>\n\n\n\n<p>&#8211; Alle som jobber med barn, ungdom og s\u00e5rbare voksne i v\u00e5r menighet m\u00e5 delta p\u00e5 et obligatorisk forebyggingskurs mot misbruk. Kursene holdes onsdag, 30.10. og tirsdag, 12.11. kl. 17:00-18:45 i skolens auditorium.<\/p>\n\n\n\n<p>&#8211; Torsdag, 31. oktober feirer vi Allehelgensaften der barn, ungdom og voksne oppfordres til \u00e5 velge en bestemt helgen \u00e5 kle seg ut som. Start gjerne planleggingen av kostymet n\u00e5.<\/p>\n\n\n\n<p>&#8211; S\u00f8knadsfrist til St. Paul skole er 15. november. Det gjelder opptak til 1. og 8. klasse.<\/p>\n\n\n\n<p>&#8211; Alle som \u00f8nsker \u00e5 bidra med sang, dans eller andre programinnslag p\u00e5 menighetsfesten i januar, bes om \u00e5 ta kontakt med Flavius.<\/p>\n\n\n\n<p>&#8211; Neste s\u00f8ndag skifter vi til vintertid, og klokken stilles en time tilbake. Dvs. at man kan sove en time lenger.<\/p>\n\n\n\n<p>&#8212;&#8212;&#8212;&#8212;&#8212;&#8212;&#8212;&#8212;&#8212;&#8212;&#8212;&#8212;&#8212;&#8212;&#8212;&#8212;&#8212;&#8212;&#8212;&#8212;&#8212;&#8212;&#8212;&#8212;<\/p>\n\n\n\n<p><em>Etter h\u00f8ymessen<\/em> er alle hjertelig velkommen til kirkekaffe i Krypten.<\/p>\n","protected":false},"excerpt":{"rendered":"<p>&#8211; Denne helgen er det missionss\u00f8ndag. Kollekten g\u00e5r derfor til Missio Norge. Se plakat for mer informasjon. &#8211; H\u00f8stens ekteskapskurs<\/p>\n","protected":false},"author":3,"featured_media":0,"comment_status":"closed","ping_status":"closed","sticky":false,"template":"","format":"standard","meta":{"colormag_page_container_layout":"default_layout","colormag_page_sidebar_layout":"default_layout","_exactmetrics_skip_tracking":false,"_exactmetrics_sitenote_active":false,"_exactmetrics_sitenote_note":"","_exactmetrics_sitenote_category":0,"footnotes":""},"categories":[4],"tags":[],"class_list":["post-28169","post","type-post","status-publish","format-standard","hentry","category-kunngjoring"],"_links":{"self":[{"href":"https:\/\/bergen.katolsk.no\/index.php?rest_route=\/wp\/v2\/posts\/28169","targetHints":{"allow":["GET"]}}],"collection":[{"href":"https:\/\/bergen.katolsk.no\/index.php?rest_route=\/wp\/v2\/posts"}],"about":[{"href":"https:\/\/bergen.katolsk.no\/index.php?rest_route=\/wp\/v2\/types\/post"}],"author":[{"embeddable":true,"href":"https:\/\/bergen.katolsk.no\/index.php?rest_route=\/wp\/v2\/users\/3"}],"replies":[{"embeddable":true,"href":"https:\/\/bergen.katolsk.no\/index.php?rest_route=%2Fwp%2Fv2%2Fcomments&post=28169"}],"version-history":[{"count":2,"href":"https:\/\/bergen.katolsk.no\/index.php?rest_route=\/wp\/v2\/posts\/28169\/revisions"}],"predecessor-version":[{"id":28171,"href":"https:\/\/bergen.katolsk.no\/index.php?rest_route=\/wp\/v2\/posts\/28169\/revisions\/28171"}],"wp:attachment":[{"href":"https:\/\/bergen.katolsk.no\/index.php?rest_route=%2Fwp%2Fv2%2Fmedia&parent=28169"}],"wp:term":[{"taxonomy":"category","embeddable":true,"href":"https:\/\/bergen.katolsk.no\/index.php?rest_route=%2Fwp%2Fv2%2Fcategories&post=28169"},{"taxonomy":"post_tag","embeddable":true,"href":"https:\/\/bergen.katolsk.no\/index.php?rest_route=%2Fwp%2Fv2%2Ftags&post=28169"}],"curies":[{"name":"wp","href":"https:\/\/api.w.org\/{rel}","templated":true}]}}