{"id":28172,"date":"2024-10-19T14:14:30","date_gmt":"2024-10-19T14:14:30","guid":{"rendered":"https:\/\/bergen.katolsk.no\/?p=28172"},"modified":"2024-10-19T14:14:31","modified_gmt":"2024-10-19T14:14:31","slug":"ogloszenia-parafialne-niedziela-20-10-2024","status":"publish","type":"post","link":"https:\/\/bergen.katolsk.no\/?p=28172","title":{"rendered":"OG\u0141OSZENIA PARAFIALNE niedziela 20.10.2024"},"content":{"rendered":"\n<p>W dzisiejsza niedziela to niedziela misyjna. Taca ze wszystkich Mszy Swi\u0119tych przeznaczona jest dla Missio Norge. Wi\u0119cej informacji na plakacie.<\/p>\n\n\n\n<p>Kurs przygotowuj\u0105cy do sakramentu ma\u0142\u017ce\u0144stwa rozpoczyna sie 21 pa,zdziiernika o godz 18 -20.00 w pokoju nauczycielskim. Kurs trwa 4 wieczory. Wszyscy pragn\u0105cy zawrze\u0107 zwi\u0105zek ma\u0142\u017ce\u0144ski zobowi\u0105zani s\u0105 do uczestnictwa w kursie. Zg\u0142oszenia w biurze parafialnym.<\/p>\n\n\n\n<p>&nbsp;W niedziel\u0119 27.10. o godz 15.00 Msza \u015awieta w j\u0119zyku portugalskim na Marias Minde. Spowied\u017a od godz 14.00<\/p>\n\n\n\n<p>Czwartek 31.10. zapraszamy festyn wszystkich \u015bwietych dla dzieci.<\/p>\n\n\n\n<p>Przypominamy \u017ce termin sk\u0142adania poda\u0144 do Szko\u0142y \u015aw. Paw\u0142a up\u0142ywa 15 listopada. Dotyczy przyj\u0119\u0107 do klasy 1. i 8.<\/p>\n\n\n\n<p>Wzystkie osoby maj\u0105ce w naszej parafii kontakt z dzie\u0107mi , m\u0142odzie\u017c\u0105 i bezbronnymi doros\u0142ymi maj\u0105 obowi\u0105zek uczestnictwa w kursie zapobiegania nadu\u017cyciom. Kurs odb\u0119dzie sie w dwu terminach w \u015brode 30.10. i we wtorek 12.11. o godz 18.00 \/ 18.45. w Audytorium szko\u0142y \u015bw. Paw\u0142a..<\/p>\n\n\n\n<p>Wszyscy ky\u00f3rzy pragn\u0105 u\u015bwietnic festyn parafiany w styczniu \u015bwiewem, ta\u0144cem itp. Proszeni s\u0105 o kontakt z &nbsp;Flaviusem z rady parafialnej.<\/p>\n\n\n\n<p>&#8211; W nast\u0119pna niedziele zmiana czasu, zegar presuwamy o godzin\u0119 do ty\u0142u, a wec \u015bpimy o godzine d\u0142u\u017aej.<\/p>\n\n\n\n<p>Po Sumie o godz 11-ej zapraszamy na kawe do krypty.<\/p>\n","protected":false},"excerpt":{"rendered":"<p>W dzisiejsza niedziela to niedziela misyjna. Taca ze wszystkich Mszy Swi\u0119tych przeznaczona jest dla Missio Norge. Wi\u0119cej informacji na plakacie.<\/p>\n","protected":false},"author":3,"featured_media":0,"comment_status":"closed","ping_status":"closed","sticky":false,"template":"","format":"standard","meta":{"colormag_page_container_layout":"default_layout","colormag_page_sidebar_layout":"default_layout","_exactmetrics_skip_tracking":false,"_exactmetrics_sitenote_active":false,"_exactmetrics_sitenote_note":"","_exactmetrics_sitenote_category":0,"footnotes":""},"categories":[5],"tags":[],"class_list":["post-28172","post","type-post","status-publish","format-standard","hentry","category-polski"],"_links":{"self":[{"href":"https:\/\/bergen.katolsk.no\/index.php?rest_route=\/wp\/v2\/posts\/28172","targetHints":{"allow":["GET"]}}],"collection":[{"href":"https:\/\/bergen.katolsk.no\/index.php?rest_route=\/wp\/v2\/posts"}],"about":[{"href":"https:\/\/bergen.katolsk.no\/index.php?rest_route=\/wp\/v2\/types\/post"}],"author":[{"embeddable":true,"href":"https:\/\/bergen.katolsk.no\/index.php?rest_route=\/wp\/v2\/users\/3"}],"replies":[{"embeddable":true,"href":"https:\/\/bergen.katolsk.no\/index.php?rest_route=%2Fwp%2Fv2%2Fcomments&post=28172"}],"version-history":[{"count":1,"href":"https:\/\/bergen.katolsk.no\/index.php?rest_route=\/wp\/v2\/posts\/28172\/revisions"}],"predecessor-version":[{"id":28173,"href":"https:\/\/bergen.katolsk.no\/index.php?rest_route=\/wp\/v2\/posts\/28172\/revisions\/28173"}],"wp:attachment":[{"href":"https:\/\/bergen.katolsk.no\/index.php?rest_route=%2Fwp%2Fv2%2Fmedia&parent=28172"}],"wp:term":[{"taxonomy":"category","embeddable":true,"href":"https:\/\/bergen.katolsk.no\/index.php?rest_route=%2Fwp%2Fv2%2Fcategories&post=28172"},{"taxonomy":"post_tag","embeddable":true,"href":"https:\/\/bergen.katolsk.no\/index.php?rest_route=%2Fwp%2Fv2%2Ftags&post=28172"}],"curies":[{"name":"wp","href":"https:\/\/api.w.org\/{rel}","templated":true}]}}