{"id":28195,"date":"2024-10-25T12:41:40","date_gmt":"2024-10-25T12:41:40","guid":{"rendered":"https:\/\/bergen.katolsk.no\/?p=28195"},"modified":"2024-10-25T12:41:41","modified_gmt":"2024-10-25T12:41:41","slug":"kunngjoringer-sondag-27-okt-2024","status":"publish","type":"post","link":"https:\/\/bergen.katolsk.no\/?p=28195","title":{"rendered":"KUNNGJ\u00d8RINGER S\u00d8NDAG 27. OKT 2024"},"content":{"rendered":"\n<figure class=\"wp-block-image size-full\"><a href=\"https:\/\/bergen.katolsk.no\/wp-content\/uploads\/2024\/09\/St.-paul-Kirke2.jpg\"><img loading=\"lazy\" decoding=\"async\" width=\"425\" height=\"640\" src=\"https:\/\/bergen.katolsk.no\/wp-content\/uploads\/2024\/09\/St.-paul-Kirke2.jpg\" alt=\"\" class=\"wp-image-28025\" srcset=\"https:\/\/bergen.katolsk.no\/wp-content\/uploads\/2024\/09\/St.-paul-Kirke2.jpg 425w, https:\/\/bergen.katolsk.no\/wp-content\/uploads\/2024\/09\/St.-paul-Kirke2-199x300.jpg 199w\" sizes=\"auto, (max-width: 425px) 100vw, 425px\" \/><\/a><\/figure>\n\n\n\n<p><\/p>\n\n\n\n<p>&#8211; Onsdag, 30. okt. arrangerer St. Paul menighet forebyg-gingskurs mot misbruk av barn, unge og s\u00e5rbare voksne. Det er ogs\u00e5 satt opp kurs tirsdag, 12. nov. Kurset er blitt oppdatert og er obligatorisk for alle som har med m\u00e5l-gruppen \u00e5 gj\u00f8re, men ogs\u00e5 andre er velkomne. Se plakat for mer informasjon.<\/p>\n\n\n\n<p>&#8211; Vi feirer Allehelgensaften \u00abHoly-ween\u00bb torsdag, 31. okt. med fest i Krypten. Oppm\u00f8te kl. 16.30 og familiemesse kl.&nbsp;17. Kle deg ut som en helgen. Ta med noe mat som du vil dele med de andre.<\/p>\n\n\n\n<p>&#8211; Samme dag, 31. okt. blir det tilbedelse til Jesu hellige hjerte etter messen kl. 19 og fram til kl. 21.<\/p>\n\n\n\n<p>&#8211; L\u00f8rdag, den <strong>2. november<\/strong> er det <strong>Alle sjelers dag<\/strong>. Da ber Kirken for alle avd\u00f8de. Vi m\u00f8tes foran gravkapellene kl.&nbsp;14:30 og g\u00e5r s\u00e5 den vante runden til prestenes og s\u00f8strenes og andres gravsteder. Det blir rekviemmesse i St.&nbsp;Paul kirke kl. 18 p\u00e5 norsk. Polsk messe kl. 19.30. Messe p\u00e5 Marias Minde kl. 12.<\/p>\n\n\n\n<p>&#8211; <strong>Messestipender<\/strong> til \u00ab<strong>Alle Sjelers dag<\/strong>\u00bb kan leveres i konvolutt med navn p\u00e5 de avd\u00f8de som det skal bes for sammen med stipendiet inne i konvolutten. Konvoluttene finner du bak i kirken, og kan leveres til menighetskontoret eller i sakristiet.<\/p>\n\n\n\n<p>&#8211; Samme dag, 2. nov. er alle velkommen til Fatima-andakt i kirken kl. 16.30.<\/p>\n\n\n\n<p>&#8211; S\u00f8ndag den 3. nov. feirer vi <strong>Alle Helgens Dag.<\/strong><\/p>\n\n\n\n<p>&#8211; S\u00f8ndag, 3. nov. blir det ogs\u00e5 familiemesse kl. 13 med p\u00e5f\u00f8lgende kirkekaffe med helgenaktivitet. Ta med noe mat som du vil dele med de andre.<\/p>\n\n\n\n<p>&#8211; Det blir utvidet menighetsr\u00e5dsm\u00f8te torsdag, 07. nov. kl.&nbsp;17 p\u00e5 skolens personalrom.<\/p>\n\n\n\n<p>&#8211; &#8211; Alle som \u00f8nsker \u00e5 bidra med sang, dans eller andre programinnslag p\u00e5 menighetsfesten s\u00f8ndag, 26. januar 2025, bes om \u00e5 ta kontakt med Flavius.<\/p>\n\n\n\n<p>&#8211; \u00abMaria, Alle Hjerters Dronning\u00bb-gruppen inviterer alle som vil starte konsekrasjonsforberedelser til Jesus gjennom Jomfru Maria til oppstartssamling, mandag 4. nov kl. 19-20 p\u00e5 menighetskontoret. Gruppen inviterer ogs\u00e5 alle til retrett 8.-10. november med p. Bernardo Ibarra. Temaet for retretten: \u00abJomfru Marias rolle for min personlige frelse\u00bb. P\u00e5melding innen 3. nov. P. Bernardo vil utenom retretten ogs\u00e5 ha samlinger p\u00e5 Marias Minde for barn og foreldre p\u00e5 l\u00f8rdagen. Se plakat for mer informasjon.<\/p>\n\n\n\n<p>&#8211; S\u00f8knadsfrist til St. Paul skole er 15. november. Det gjelder opptak til 1. og 8. klasse.<\/p>\n\n\n\n<p>&#8211; Til slutt: Velkommen til konsert i St. Paul kirke l\u00f8rdag, 2. nov. kl. 15. Det fremf\u00f8res Requiem av Gabriel Faur\u00e9.<\/p>\n\n\n\n<p>&#8212;&#8212;&#8212;&#8212;&#8212;&#8212;&#8212;&#8212;&#8212;&#8212;&#8212;&#8212;&#8212;&#8212;&#8212;&#8212;&#8212;&#8212;&#8212;&#8212;&#8212;&#8212;&#8212;<\/p>\n\n\n\n<p><em>Etter h\u00f8ymessen<\/em> er alle hjertelig velkommen til kirkekaffe i Krypten.<\/p>\n","protected":false},"excerpt":{"rendered":"<p>&#8211; Onsdag, 30. okt. arrangerer St. Paul menighet forebyg-gingskurs mot misbruk av barn, unge og s\u00e5rbare voksne. Det er ogs\u00e5<\/p>\n","protected":false},"author":12,"featured_media":0,"comment_status":"closed","ping_status":"closed","sticky":false,"template":"","format":"standard","meta":{"colormag_page_container_layout":"default_layout","colormag_page_sidebar_layout":"default_layout","_exactmetrics_skip_tracking":false,"_exactmetrics_sitenote_active":false,"_exactmetrics_sitenote_note":"","_exactmetrics_sitenote_category":0,"footnotes":""},"categories":[4],"tags":[],"class_list":["post-28195","post","type-post","status-publish","format-standard","hentry","category-kunngjoring"],"_links":{"self":[{"href":"https:\/\/bergen.katolsk.no\/index.php?rest_route=\/wp\/v2\/posts\/28195","targetHints":{"allow":["GET"]}}],"collection":[{"href":"https:\/\/bergen.katolsk.no\/index.php?rest_route=\/wp\/v2\/posts"}],"about":[{"href":"https:\/\/bergen.katolsk.no\/index.php?rest_route=\/wp\/v2\/types\/post"}],"author":[{"embeddable":true,"href":"https:\/\/bergen.katolsk.no\/index.php?rest_route=\/wp\/v2\/users\/12"}],"replies":[{"embeddable":true,"href":"https:\/\/bergen.katolsk.no\/index.php?rest_route=%2Fwp%2Fv2%2Fcomments&post=28195"}],"version-history":[{"count":1,"href":"https:\/\/bergen.katolsk.no\/index.php?rest_route=\/wp\/v2\/posts\/28195\/revisions"}],"predecessor-version":[{"id":28196,"href":"https:\/\/bergen.katolsk.no\/index.php?rest_route=\/wp\/v2\/posts\/28195\/revisions\/28196"}],"wp:attachment":[{"href":"https:\/\/bergen.katolsk.no\/index.php?rest_route=%2Fwp%2Fv2%2Fmedia&parent=28195"}],"wp:term":[{"taxonomy":"category","embeddable":true,"href":"https:\/\/bergen.katolsk.no\/index.php?rest_route=%2Fwp%2Fv2%2Fcategories&post=28195"},{"taxonomy":"post_tag","embeddable":true,"href":"https:\/\/bergen.katolsk.no\/index.php?rest_route=%2Fwp%2Fv2%2Ftags&post=28195"}],"curies":[{"name":"wp","href":"https:\/\/api.w.org\/{rel}","templated":true}]}}