{"id":28245,"date":"2024-11-08T15:19:02","date_gmt":"2024-11-08T15:19:02","guid":{"rendered":"https:\/\/bergen.katolsk.no\/?p=28245"},"modified":"2024-11-12T14:41:13","modified_gmt":"2024-11-12T14:41:13","slug":"kunngjoringer-sondag-10-nov-2024","status":"publish","type":"post","link":"https:\/\/bergen.katolsk.no\/?p=28245","title":{"rendered":"KUNNGJ\u00d8RINGER S\u00d8NDAG 10. NOV 2024"},"content":{"rendered":"\n<p><\/p>\n\n\n\n<figure class=\"wp-block-image size-full\"><a href=\"https:\/\/bergen.katolsk.no\/wp-content\/uploads\/2024\/09\/St.-paul-Kirke2.jpg\"><img loading=\"lazy\" decoding=\"async\" width=\"425\" height=\"640\" src=\"https:\/\/bergen.katolsk.no\/wp-content\/uploads\/2024\/09\/St.-paul-Kirke2.jpg\" alt=\"\" class=\"wp-image-28025\" srcset=\"https:\/\/bergen.katolsk.no\/wp-content\/uploads\/2024\/09\/St.-paul-Kirke2.jpg 425w, https:\/\/bergen.katolsk.no\/wp-content\/uploads\/2024\/09\/St.-paul-Kirke2-199x300.jpg 199w\" sizes=\"auto, (max-width: 425px) 100vw, 425px\" \/><\/a><\/figure>\n\n\n\n<p><\/p>\n\n\n\n<p>&#8211; Mandag, 11. nov. er menighetskontoret stengt frem til kl. 12.00.<\/p>\n\n\n\n<p>&#8211; Ogs\u00e5 mandag, 11. nov. feires den Hellige Martin av Tours p\u00e5 eldretreff etter mandagsmessen (fra kl.11:45 av).<\/p>\n\n\n\n<p>&#8211; Tirsdag, 12. nov. arrangerer St. Paul menighet igjen forebyggingskurs mot misbruk av barn, unge og s\u00e5rbare voksne. Kurset er obligatorisk for alle som har med m\u00e5lgruppen \u00e5 gj\u00f8re, men ogs\u00e5 andre er velkomne. Se plakat for mer informasjon.<\/p>\n\n\n\n<p>&#8211; Katolsk almanakk for 2025 kan n\u00e5 bestilles. Den koster 198&nbsp;kr. Send epost til menighetskontoret innen 24.&nbsp;nov. Levering er forventet i begynnelsen av desember.<\/p>\n\n\n\n<p>&#8211; Fredag, 15. nov. kl. 10 lanseres boken \u00abArven etter Moster: kristenrettens betydning i norsk kulturhistorie\u00bb p\u00e5 NLA H\u00f8gskolen i Bergen ved campus Sandviken. Boklanseringen er \u00e5pen for alle. \u00abArven etter Moster\u00bb inneholder flere kapitler som er interessante for katolske lesere, og tre av bidragsyterne er katolikker: Eivor Oftestad, Erik Tonning og Cathinka Dahl Hambro. Se plakat og hjemmeside for mer informasjon.<\/p>\n\n\n\n<p>&#8211; Sta. Katarinahjemmet i Oslo vil sommeren 2025 arrangere en pilegrimstur for unge kvinner (18-30 \u00e5r) der de f\u00f8rst bes\u00f8ker Italia i St. Dominikus og Sta. Katarina av Siena sine fotspor for s\u00e5 \u00e5 delta under jubel\u00e5ret for unge voksne i Roma. For mer info: se plakat p\u00e5 oppslagstavlene.<\/p>\n\n\n\n<p>&#8211; S\u00f8knadsfrist til St. Paul skole er 15. november. Det gjelder opptak til 1. og 8. klasse.<\/p>\n\n\n\n<p>&#8212;&#8212;&#8212;&#8212;&#8212;&#8212;&#8212;&#8212;&#8212;&#8212;&#8212;&#8212;&#8212;&#8212;&#8212;&#8212;&#8212;&#8212;&#8212;&#8212;&#8212;&#8212;&#8212;<\/p>\n\n\n\n<p><em>Etter h\u00f8ymessen<\/em> er alle hjertelig velkommen til kirkekaffe i Krypten.<\/p>\n","protected":false},"excerpt":{"rendered":"<p>&#8211; Mandag, 11. nov. er menighetskontoret stengt frem til kl. 12.00. &#8211; Ogs\u00e5 mandag, 11. nov. feires den Hellige Martin<\/p>\n","protected":false},"author":12,"featured_media":0,"comment_status":"closed","ping_status":"closed","sticky":false,"template":"","format":"standard","meta":{"colormag_page_container_layout":"default_layout","colormag_page_sidebar_layout":"default_layout","_exactmetrics_skip_tracking":false,"_exactmetrics_sitenote_active":false,"_exactmetrics_sitenote_note":"","_exactmetrics_sitenote_category":0,"footnotes":""},"categories":[4],"tags":[],"class_list":["post-28245","post","type-post","status-publish","format-standard","hentry","category-kunngjoring"],"_links":{"self":[{"href":"https:\/\/bergen.katolsk.no\/index.php?rest_route=\/wp\/v2\/posts\/28245","targetHints":{"allow":["GET"]}}],"collection":[{"href":"https:\/\/bergen.katolsk.no\/index.php?rest_route=\/wp\/v2\/posts"}],"about":[{"href":"https:\/\/bergen.katolsk.no\/index.php?rest_route=\/wp\/v2\/types\/post"}],"author":[{"embeddable":true,"href":"https:\/\/bergen.katolsk.no\/index.php?rest_route=\/wp\/v2\/users\/12"}],"replies":[{"embeddable":true,"href":"https:\/\/bergen.katolsk.no\/index.php?rest_route=%2Fwp%2Fv2%2Fcomments&post=28245"}],"version-history":[{"count":3,"href":"https:\/\/bergen.katolsk.no\/index.php?rest_route=\/wp\/v2\/posts\/28245\/revisions"}],"predecessor-version":[{"id":28269,"href":"https:\/\/bergen.katolsk.no\/index.php?rest_route=\/wp\/v2\/posts\/28245\/revisions\/28269"}],"wp:attachment":[{"href":"https:\/\/bergen.katolsk.no\/index.php?rest_route=%2Fwp%2Fv2%2Fmedia&parent=28245"}],"wp:term":[{"taxonomy":"category","embeddable":true,"href":"https:\/\/bergen.katolsk.no\/index.php?rest_route=%2Fwp%2Fv2%2Fcategories&post=28245"},{"taxonomy":"post_tag","embeddable":true,"href":"https:\/\/bergen.katolsk.no\/index.php?rest_route=%2Fwp%2Fv2%2Ftags&post=28245"}],"curies":[{"name":"wp","href":"https:\/\/api.w.org\/{rel}","templated":true}]}}