{"id":28264,"date":"2024-11-10T22:17:34","date_gmt":"2024-11-10T22:17:34","guid":{"rendered":"https:\/\/bergen.katolsk.no\/?p=28264"},"modified":"2024-11-10T22:17:35","modified_gmt":"2024-11-10T22:17:35","slug":"glimt-fra-besoket-av-p-bernardo-ibarra-ive","status":"publish","type":"post","link":"https:\/\/bergen.katolsk.no\/?p=28264","title":{"rendered":"Glimt fra bes\u00f8ket av p. Bernardo Ibarra, IVE"},"content":{"rendered":"\n<figure class=\"wp-block-gallery has-nested-images columns-default is-cropped wp-block-gallery-1 is-layout-flex wp-block-gallery-is-layout-flex\">\n<figure class=\"wp-block-image size-large\"><a href=\"https:\/\/bergen.katolsk.no\/wp-content\/uploads\/2024\/11\/Bilde-med-barna-ny-scaled.jpg\"><img loading=\"lazy\" decoding=\"async\" width=\"1024\" height=\"771\" data-id=\"28265\" src=\"https:\/\/bergen.katolsk.no\/wp-content\/uploads\/2024\/11\/Bilde-med-barna-ny-1024x771.jpg\" alt=\"\" class=\"wp-image-28265\" srcset=\"https:\/\/bergen.katolsk.no\/wp-content\/uploads\/2024\/11\/Bilde-med-barna-ny-1024x771.jpg 1024w, https:\/\/bergen.katolsk.no\/wp-content\/uploads\/2024\/11\/Bilde-med-barna-ny-300x226.jpg 300w, https:\/\/bergen.katolsk.no\/wp-content\/uploads\/2024\/11\/Bilde-med-barna-ny-768x578.jpg 768w, https:\/\/bergen.katolsk.no\/wp-content\/uploads\/2024\/11\/Bilde-med-barna-ny-1536x1157.jpg 1536w, https:\/\/bergen.katolsk.no\/wp-content\/uploads\/2024\/11\/Bilde-med-barna-ny-2048x1542.jpg 2048w, https:\/\/bergen.katolsk.no\/wp-content\/uploads\/2024\/11\/Bilde-med-barna-ny-956x720.jpg 956w\" sizes=\"auto, (max-width: 1024px) 100vw, 1024px\" \/><\/a><\/figure>\n<\/figure>\n\n\n\n<p>Mange barn lyttet med stor oppmerksomhet og glede da P. Bernardo kom p\u00e5 bes\u00f8k til dem p\u00e5 Marias Minde 09. nov og fortalte med stor innlevelse historiene om hvordan Jomfru Maria kalte den hellige Dominikus, og mye senere de tre barna i Fatima, til \u00e5 be rosenkransen. Han fortalte med stor gl\u00f8d til b\u00e5de barna og foreldrene om hvor viktig og flott det er \u00e5 be rosenkransen fordi Jomfru Maria er v\u00e5r Mor og elsker oss, og gjennom rosenkransen vil vi ogs\u00e5 elske b\u00e5de henne og Jesus Kristus enda mer. Inspirert av dette ba alle store og sm\u00e5 som hadde m\u00f8tt opp rosenkransen sammen.  P. Bernardo har laget en vakker barnebok om konsekrasjon til Jesus gjennom Maria, som alle katekesebarna fikk denne dagen. <\/p>\n\n\n\n<figure class=\"wp-block-gallery has-nested-images columns-default is-cropped wp-block-gallery-2 is-layout-flex wp-block-gallery-is-layout-flex\">\n<figure class=\"wp-block-image size-large\"><a href=\"https:\/\/bergen.katolsk.no\/wp-content\/uploads\/2024\/11\/Marias-Minde-scaled.jpg\"><img loading=\"lazy\" decoding=\"async\" width=\"1024\" height=\"771\" data-id=\"28266\" src=\"https:\/\/bergen.katolsk.no\/wp-content\/uploads\/2024\/11\/Marias-Minde-1024x771.jpg\" alt=\"\" class=\"wp-image-28266\" srcset=\"https:\/\/bergen.katolsk.no\/wp-content\/uploads\/2024\/11\/Marias-Minde-1024x771.jpg 1024w, https:\/\/bergen.katolsk.no\/wp-content\/uploads\/2024\/11\/Marias-Minde-300x226.jpg 300w, https:\/\/bergen.katolsk.no\/wp-content\/uploads\/2024\/11\/Marias-Minde-768x578.jpg 768w, https:\/\/bergen.katolsk.no\/wp-content\/uploads\/2024\/11\/Marias-Minde-1536x1157.jpg 1536w, https:\/\/bergen.katolsk.no\/wp-content\/uploads\/2024\/11\/Marias-Minde-2048x1542.jpg 2048w, https:\/\/bergen.katolsk.no\/wp-content\/uploads\/2024\/11\/Marias-Minde-956x720.jpg 956w\" sizes=\"auto, (max-width: 1024px) 100vw, 1024px\" \/><\/a><\/figure>\n<\/figure>\n\n\n\n<p>P. Bernardo Ibarra IVE var invitert av menighetens Montfortgruppe: Maria, Alle Hjerters Dronning, til \u00e5 holde retrett for alle som \u00f8nsket \u00e5 delta 08-10. nov p\u00e5 Marias Minde. P\u00e5 3 dager fikk vi 6 veldig gode og inspirerende foredrag rundt temaet: &#8220;Jomfru Marias rolle for min personlige frelse.&#8221; Rundt 40 personer i ulike aldre og fra ulike nasjonaliteter kom og ble beriket og inspirert av det han l\u00f8ftet frem for oss om Jomfru Marias plass i Bibelen, i Kirkens Tradisjon og i v\u00e5rt eget liv.<\/p>\n\n\n\n<figure class=\"wp-block-gallery has-nested-images columns-default is-cropped wp-block-gallery-3 is-layout-flex wp-block-gallery-is-layout-flex\">\n<figure class=\"wp-block-image size-large\"><a href=\"https:\/\/bergen.katolsk.no\/wp-content\/uploads\/2024\/11\/Voksne-pa-retretten-scaled.jpg\"><img loading=\"lazy\" decoding=\"async\" width=\"1024\" height=\"771\" data-id=\"28267\" src=\"https:\/\/bergen.katolsk.no\/wp-content\/uploads\/2024\/11\/Voksne-pa-retretten-1024x771.jpg\" alt=\"\" class=\"wp-image-28267\" srcset=\"https:\/\/bergen.katolsk.no\/wp-content\/uploads\/2024\/11\/Voksne-pa-retretten-1024x771.jpg 1024w, https:\/\/bergen.katolsk.no\/wp-content\/uploads\/2024\/11\/Voksne-pa-retretten-300x226.jpg 300w, https:\/\/bergen.katolsk.no\/wp-content\/uploads\/2024\/11\/Voksne-pa-retretten-768x578.jpg 768w, https:\/\/bergen.katolsk.no\/wp-content\/uploads\/2024\/11\/Voksne-pa-retretten-1536x1157.jpg 1536w, https:\/\/bergen.katolsk.no\/wp-content\/uploads\/2024\/11\/Voksne-pa-retretten-2048x1542.jpg 2048w, https:\/\/bergen.katolsk.no\/wp-content\/uploads\/2024\/11\/Voksne-pa-retretten-956x720.jpg 956w\" sizes=\"auto, (max-width: 1024px) 100vw, 1024px\" \/><\/a><\/figure>\n<\/figure>\n\n\n\n<p>Her er noen av de som deltok p\u00e5 retretten samlet p\u00e5 St Paul skole ved slutten p\u00e5 s\u00f8ndag. P. Bernardo er fra Argentina, men bor for tiden i Krakow i Polen der han gj\u00f8r tjeneste som prest p\u00e5 Johannes Paul II &#8211; senteret og skriver doktorgraden sin om nettopp den hellige Johannes Paul II. P. Bernardo og hans orden arbeider mye med unge mennesker. Vi fikk se og h\u00f8re hans gode formidlingsevne b\u00e5de til barna og ungdommene, studentene i Fides, foreldregruppen og de voksne p\u00e5 retretten.<\/p>\n\n\n\n<p> Ordenen han tilh\u00f8rer avgir et fjerde l\u00f8fte, om total konsekrasjon til Maria. Han forklarte med gl\u00f8d og entusiasme hvorfor konsekrasjon er s\u00e5 viktig for enhver kristen som \u00f8nsker \u00e5 leve et hellig liv og hvordan vi kan gj\u00f8re det, slik som en av de virkelig store helgenene i Kirken, Louis-Marie Grignion de Montfort har vist oss. <\/p>\n","protected":false},"excerpt":{"rendered":"<p>Mange barn lyttet med stor oppmerksomhet og glede da P. Bernardo kom p\u00e5 bes\u00f8k til dem p\u00e5 Marias Minde 09.<\/p>\n","protected":false},"author":9,"featured_media":0,"comment_status":"closed","ping_status":"closed","sticky":false,"template":"","format":"standard","meta":{"colormag_page_container_layout":"default_layout","colormag_page_sidebar_layout":"default_layout","_exactmetrics_skip_tracking":false,"_exactmetrics_sitenote_active":false,"_exactmetrics_sitenote_note":"","_exactmetrics_sitenote_category":0,"footnotes":""},"categories":[1],"tags":[],"class_list":["post-28264","post","type-post","status-publish","format-standard","hentry","category-aktuelt"],"_links":{"self":[{"href":"https:\/\/bergen.katolsk.no\/index.php?rest_route=\/wp\/v2\/posts\/28264","targetHints":{"allow":["GET"]}}],"collection":[{"href":"https:\/\/bergen.katolsk.no\/index.php?rest_route=\/wp\/v2\/posts"}],"about":[{"href":"https:\/\/bergen.katolsk.no\/index.php?rest_route=\/wp\/v2\/types\/post"}],"author":[{"embeddable":true,"href":"https:\/\/bergen.katolsk.no\/index.php?rest_route=\/wp\/v2\/users\/9"}],"replies":[{"embeddable":true,"href":"https:\/\/bergen.katolsk.no\/index.php?rest_route=%2Fwp%2Fv2%2Fcomments&post=28264"}],"version-history":[{"count":1,"href":"https:\/\/bergen.katolsk.no\/index.php?rest_route=\/wp\/v2\/posts\/28264\/revisions"}],"predecessor-version":[{"id":28268,"href":"https:\/\/bergen.katolsk.no\/index.php?rest_route=\/wp\/v2\/posts\/28264\/revisions\/28268"}],"wp:attachment":[{"href":"https:\/\/bergen.katolsk.no\/index.php?rest_route=%2Fwp%2Fv2%2Fmedia&parent=28264"}],"wp:term":[{"taxonomy":"category","embeddable":true,"href":"https:\/\/bergen.katolsk.no\/index.php?rest_route=%2Fwp%2Fv2%2Fcategories&post=28264"},{"taxonomy":"post_tag","embeddable":true,"href":"https:\/\/bergen.katolsk.no\/index.php?rest_route=%2Fwp%2Fv2%2Ftags&post=28264"}],"curies":[{"name":"wp","href":"https:\/\/api.w.org\/{rel}","templated":true}]}}