{"id":28291,"date":"2024-11-30T14:07:58","date_gmt":"2024-11-30T14:07:58","guid":{"rendered":"https:\/\/bergen.katolsk.no\/?p=28291"},"modified":"2024-12-05T12:37:48","modified_gmt":"2024-12-05T12:37:48","slug":"kunngjoringer-sondag-1-des-2024","status":"publish","type":"post","link":"https:\/\/bergen.katolsk.no\/?p=28291","title":{"rendered":"KUNNGJ\u00d8RINGER S\u00d8NDAG 1. DES 2024"},"content":{"rendered":"\n<figure class=\"wp-block-image size-full\"><a href=\"https:\/\/bergen.katolsk.no\/wp-content\/uploads\/2024\/09\/St.-paul-Kirke2.jpg\"><img loading=\"lazy\" decoding=\"async\" width=\"425\" height=\"640\" src=\"https:\/\/bergen.katolsk.no\/wp-content\/uploads\/2024\/09\/St.-paul-Kirke2.jpg\" alt=\"\" class=\"wp-image-28025\" srcset=\"https:\/\/bergen.katolsk.no\/wp-content\/uploads\/2024\/09\/St.-paul-Kirke2.jpg 425w, https:\/\/bergen.katolsk.no\/wp-content\/uploads\/2024\/09\/St.-paul-Kirke2-199x300.jpg 199w\" sizes=\"auto, (max-width: 425px) 100vw, 425px\" \/><\/a><\/figure>\n\n\n\n<p><\/p>\n\n\n\n<p>&#8211; Denne s\u00f8ndagen, 01. des. starter NUK og Caritas Norge sin adventsaksjon. I \u00e5r skal pengene g\u00e5 til Honduras for \u00e5 sikre mat og ern\u00e6ring til flere tusen mennesker som lever i ekstrem fattigdom. Se plakater og brosjyrer for mer informasjon.<\/p>\n\n\n\n<p>&#8211; Mandag, 2. desember arrangeres eldretreffet for siste gang f\u00f8r jul. Det blir adventsstund med sang og litt kaffe og sm\u00e5kaker.<\/p>\n\n\n\n<p>&#8211; Torsdag, 05. desember blir det vesper kl. 18:30 med b\u00f8nn for kall.<\/p>\n\n\n\n<p>&#8211; Samme dag, 05. desember blir det sakramentstilbedelse til Jesu hellige hjerte etter messen kl. 19 og fram til kl. 21.<\/p>\n\n\n\n<p>&#8211; L\u00f8rdag 07. desember er alle velkommen til Fatima-andakt i kirken kl. 16.30. <\/p>\n\n\n\n<p>&#8211; S\u00f8ndag, 08. desember, kl. 17:30 blir det kroatisk messe p\u00e5 Marias Minde med kirkekaffe etterp\u00e5.<\/p>\n\n\n\n<p>&#8211; L\u00f8rdag, 14. des. kl. 14 blir det julekonsert i kirken med St. Paul-koret.<\/p>\n\n\n\n<p>&#8211; S\u00f8ndag, 15. des. kl. 13 blir det Adventsandakt p\u00e5 Fl\u00f8ien ved v\u00e5r sogneprest.<\/p>\n\n\n\n<p>&#8212;&#8212;&#8212;&#8212;&#8212;&#8212;&#8212;&#8212;&#8212;&#8212;&#8212;&#8212;&#8212;&#8212;&#8212;&#8212;&#8212;&#8212;&#8212;&#8212;&#8212;&#8212;&#8212;<\/p>\n\n\n\n<p><em>Etter h\u00f8ymessen<\/em> er alle hjertelig velkommen til kirkekaffe i Krypten.<\/p>\n","protected":false},"excerpt":{"rendered":"<p>&#8211; Denne s\u00f8ndagen, 01. des. starter NUK og Caritas Norge sin adventsaksjon. I \u00e5r skal pengene g\u00e5 til Honduras for<\/p>\n","protected":false},"author":12,"featured_media":0,"comment_status":"closed","ping_status":"closed","sticky":false,"template":"","format":"standard","meta":{"colormag_page_container_layout":"default_layout","colormag_page_sidebar_layout":"default_layout","_exactmetrics_skip_tracking":false,"_exactmetrics_sitenote_active":false,"_exactmetrics_sitenote_note":"","_exactmetrics_sitenote_category":0,"footnotes":""},"categories":[4],"tags":[],"class_list":["post-28291","post","type-post","status-publish","format-standard","hentry","category-kunngjoring"],"_links":{"self":[{"href":"https:\/\/bergen.katolsk.no\/index.php?rest_route=\/wp\/v2\/posts\/28291","targetHints":{"allow":["GET"]}}],"collection":[{"href":"https:\/\/bergen.katolsk.no\/index.php?rest_route=\/wp\/v2\/posts"}],"about":[{"href":"https:\/\/bergen.katolsk.no\/index.php?rest_route=\/wp\/v2\/types\/post"}],"author":[{"embeddable":true,"href":"https:\/\/bergen.katolsk.no\/index.php?rest_route=\/wp\/v2\/users\/12"}],"replies":[{"embeddable":true,"href":"https:\/\/bergen.katolsk.no\/index.php?rest_route=%2Fwp%2Fv2%2Fcomments&post=28291"}],"version-history":[{"count":4,"href":"https:\/\/bergen.katolsk.no\/index.php?rest_route=\/wp\/v2\/posts\/28291\/revisions"}],"predecessor-version":[{"id":28356,"href":"https:\/\/bergen.katolsk.no\/index.php?rest_route=\/wp\/v2\/posts\/28291\/revisions\/28356"}],"wp:attachment":[{"href":"https:\/\/bergen.katolsk.no\/index.php?rest_route=%2Fwp%2Fv2%2Fmedia&parent=28291"}],"wp:term":[{"taxonomy":"category","embeddable":true,"href":"https:\/\/bergen.katolsk.no\/index.php?rest_route=%2Fwp%2Fv2%2Fcategories&post=28291"},{"taxonomy":"post_tag","embeddable":true,"href":"https:\/\/bergen.katolsk.no\/index.php?rest_route=%2Fwp%2Fv2%2Ftags&post=28291"}],"curies":[{"name":"wp","href":"https:\/\/api.w.org\/{rel}","templated":true}]}}