{"id":28314,"date":"2024-12-01T14:12:24","date_gmt":"2024-12-01T14:12:24","guid":{"rendered":"https:\/\/bergen.katolsk.no\/?p=28314"},"modified":"2024-12-01T17:31:23","modified_gmt":"2024-12-01T17:31:23","slug":"forste-sondag-i-advent","status":"publish","type":"post","link":"https:\/\/bergen.katolsk.no\/?p=28314","title":{"rendered":"F\u00f8rste s\u00f8ndag i advent"},"content":{"rendered":"\n<figure class=\"wp-block-image size-large\"><a href=\"https:\/\/bergen.katolsk.no\/wp-content\/uploads\/2024\/12\/20241201_121133.jpg\"><img loading=\"lazy\" decoding=\"async\" width=\"1024\" height=\"835\" src=\"https:\/\/bergen.katolsk.no\/wp-content\/uploads\/2024\/12\/20241201_121133-1024x835.jpg\" alt=\"\" class=\"wp-image-28315\" srcset=\"https:\/\/bergen.katolsk.no\/wp-content\/uploads\/2024\/12\/20241201_121133-1024x835.jpg 1024w, https:\/\/bergen.katolsk.no\/wp-content\/uploads\/2024\/12\/20241201_121133-300x245.jpg 300w, https:\/\/bergen.katolsk.no\/wp-content\/uploads\/2024\/12\/20241201_121133-768x626.jpg 768w, https:\/\/bergen.katolsk.no\/wp-content\/uploads\/2024\/12\/20241201_121133-1536x1252.jpg 1536w, https:\/\/bergen.katolsk.no\/wp-content\/uploads\/2024\/12\/20241201_121133-956x779.jpg 956w, https:\/\/bergen.katolsk.no\/wp-content\/uploads\/2024\/12\/20241201_121133.jpg 1930w\" sizes=\"auto, (max-width: 1024px) 100vw, 1024px\" \/><\/a><\/figure>\n\n\n\n<p>Det nye kirke\u00e5ret begynte i dag &#8211; 1. s\u00f8ndag i Advent. I sin preken minnet sognepresten oss om at Advent er en ventetid, forberedelsestid til feiring av Kristi f\u00f8dsel. En tid for rengj\u00f8ring i v\u00e5re hjerter:<\/p>\n\n\n\n<div class=\"wp-block-group is-vertical is-layout-flex wp-container-core-group-is-layout-fe9cc265 wp-block-group-is-layout-flex\">\n<p class=\"has-black-color has-text-color has-link-color wp-elements-ae964aa5e65da827155c8f7cee509ee6\">&#8220;Advent kaller oss til \u00e5 forandre en verden som er full av hat og kulde og m\u00f8rke. Men da m\u00e5 vi begynne med oss selv, vi m\u00e5 oppgi hvert ulmende hat mot andre, om vi m\u00e5tte ha liggende i oss, og det selv om en persons virkelig har s\u00e5ret oss, &#8211; en tidligere venn eller kj\u00e6reste, ektefelle, -et barn som etter oppn\u00e5dd voksen alder har fjernet seg fra familien av grunner som vi kanskje aldri f\u00e5r vite fullt ut. Eller kanskje er det noen fra jobben, fra skolen, eller i nabolaget. Kanskje b\u00e6rer vi med oss skjulte fordommer mot grupper av folk, om det er homofile, utlendinger, farvede eller hvite. S\u00e5 lenge vi tillater at hatet forblir i oss, fryser vi, ja, vi kan fryse i hjel. S\u00e5 m\u00e5 vi bekjempe hatets kulde med varmen fra Guds kj\u00e6rlighet og lyset som utg\u00e5r fra Hans S\u00f8nn. Vi m\u00e5 gj\u00f8re dette for de andres skyld s\u00e5 vel som for v\u00e5r egen skyld. Vi m\u00e5 ikke tillate at gamle s\u00e5r eller dagens fordommer \u00f8delegger v\u00e5re sjanser til \u00e5 bringe Guds lys inn i menneskers m\u00f8rke. Vi m\u00e5 tillate Guds kj\u00e6rlighet \u00e5 v\u00e6re virksom gjennom oss.<\/p>\n\n\n\n<p class=\"has-black-color has-text-color has-link-color wp-elements-bdc30ba263df62f37156060ecc4a5e04\">Dette er den kristne gjerning som Gud venter av oss; dette er hva vi b\u00f8r bruke adventtiden til. Slik kan vi v\u00e6re med \u00e5 berede Herrens vei.<\/p>\n\n\n\n<p class=\"has-black-color has-text-color has-link-color wp-elements-2e5c11d16e8726efc643cf461ed09788\">En konkret m\u00e5te \u00e5 begynne denne gode gjerning p\u00e5, er \u00e5 gj\u00f8re rent i v\u00e5rt hjerte ved \u00e5 g\u00e5 til skrifte n\u00e5 i adventstiden. Benytt muligheten til \u00e5 skrifte etter messen hver fredag, eller kontakt en prest og kom p\u00e5 kontoret for \u00e5 skrifte, benytt sjansen n\u00e5, Ikke utsett det til to dager f\u00f8r jul, da f\u00e5r vi kanskje ikke muligheten. Ta storrengj\u00f8ringen n\u00e5!&#8221;<\/p>\n<\/div>\n\n\n\n<p id=\"block-25f38bd8-63a7-4d97-bcec-346623dbe9cf\"><\/p>\n\n\n\n<p id=\"block-ace98061-b089-410a-a080-febc4967dce6\"><\/p>\n\n\n\n<p><\/p>\n","protected":false},"excerpt":{"rendered":"<p>Det nye kirke\u00e5ret begynte i dag &#8211; 1. s\u00f8ndag i Advent. I sin preken minnet sognepresten oss om at Advent<\/p>\n","protected":false},"author":3,"featured_media":0,"comment_status":"closed","ping_status":"closed","sticky":false,"template":"","format":"standard","meta":{"colormag_page_container_layout":"default_layout","colormag_page_sidebar_layout":"default_layout","_exactmetrics_skip_tracking":false,"_exactmetrics_sitenote_active":false,"_exactmetrics_sitenote_note":"","_exactmetrics_sitenote_category":0,"footnotes":""},"categories":[1],"tags":[],"class_list":["post-28314","post","type-post","status-publish","format-standard","hentry","category-aktuelt"],"_links":{"self":[{"href":"https:\/\/bergen.katolsk.no\/index.php?rest_route=\/wp\/v2\/posts\/28314","targetHints":{"allow":["GET"]}}],"collection":[{"href":"https:\/\/bergen.katolsk.no\/index.php?rest_route=\/wp\/v2\/posts"}],"about":[{"href":"https:\/\/bergen.katolsk.no\/index.php?rest_route=\/wp\/v2\/types\/post"}],"author":[{"embeddable":true,"href":"https:\/\/bergen.katolsk.no\/index.php?rest_route=\/wp\/v2\/users\/3"}],"replies":[{"embeddable":true,"href":"https:\/\/bergen.katolsk.no\/index.php?rest_route=%2Fwp%2Fv2%2Fcomments&post=28314"}],"version-history":[{"count":2,"href":"https:\/\/bergen.katolsk.no\/index.php?rest_route=\/wp\/v2\/posts\/28314\/revisions"}],"predecessor-version":[{"id":28319,"href":"https:\/\/bergen.katolsk.no\/index.php?rest_route=\/wp\/v2\/posts\/28314\/revisions\/28319"}],"wp:attachment":[{"href":"https:\/\/bergen.katolsk.no\/index.php?rest_route=%2Fwp%2Fv2%2Fmedia&parent=28314"}],"wp:term":[{"taxonomy":"category","embeddable":true,"href":"https:\/\/bergen.katolsk.no\/index.php?rest_route=%2Fwp%2Fv2%2Fcategories&post=28314"},{"taxonomy":"post_tag","embeddable":true,"href":"https:\/\/bergen.katolsk.no\/index.php?rest_route=%2Fwp%2Fv2%2Ftags&post=28314"}],"curies":[{"name":"wp","href":"https:\/\/api.w.org\/{rel}","templated":true}]}}