{"id":28671,"date":"2025-02-07T17:14:42","date_gmt":"2025-02-07T17:14:42","guid":{"rendered":"https:\/\/bergen.katolsk.no\/?p=28671"},"modified":"2025-02-07T17:14:44","modified_gmt":"2025-02-07T17:14:44","slug":"kunngjoringer-sondag-9-februar-2025","status":"publish","type":"post","link":"https:\/\/bergen.katolsk.no\/?p=28671","title":{"rendered":"Kunngj\u00f8ringer s\u00f8ndag 9. februar 2025"},"content":{"rendered":"\n<figure class=\"wp-block-image size-full\"><a href=\"https:\/\/bergen.katolsk.no\/wp-content\/uploads\/2025\/01\/St.-paul-Kirke2.jpg\"><img loading=\"lazy\" decoding=\"async\" width=\"425\" height=\"640\" src=\"https:\/\/bergen.katolsk.no\/wp-content\/uploads\/2025\/01\/St.-paul-Kirke2.jpg\" alt=\"\" class=\"wp-image-28572\" srcset=\"https:\/\/bergen.katolsk.no\/wp-content\/uploads\/2025\/01\/St.-paul-Kirke2.jpg 425w, https:\/\/bergen.katolsk.no\/wp-content\/uploads\/2025\/01\/St.-paul-Kirke2-199x300.jpg 199w\" sizes=\"auto, (max-width: 425px) 100vw, 425px\" \/><\/a><\/figure>\n\n\n\n<ul class=\"wp-block-list\">\n<li>Studentgruppen \u00abFides\u00bb avlyses denne s\u00f8ndagen, 9.feb.<\/li>\n\n\n\n<li>Loddsalget under menighetsfesten samlet inn 7.710 kroner til Caritas Bergen. Mange takk til alle som bidro! Caritas Bergen arbeider p\u00e5 vegne av St. Paul menighet for \u00e5 gi hjelp til ekskluderte og marginaliserte personer i v\u00e5r by. Vi har et stort behov for frivillige medarbeidere. Er du student, pensjonist, eller har du noen ledige timer p\u00e5 dagtid? Ta kontakt ved \u00e5 bes\u00f8ke oss i v\u00e5re nye lokaler p\u00e5 menighetskontoret, eller ring 919 20 202.<\/li>\n\n\n\n<li>Viktig informasjon til alle ministrantene og deres foreldre: Det blir m\u00f8te rett etter h\u00f8ymessen neste s\u00f8ndag, 16. februar p\u00e5 St. Paul skole.<\/li>\n\n\n\n<li>Tirsdag, 11. februar feirer vi Jomfru Marias \u00e5penbaring i Lourdes. Det blir vist spillefilm om hendelsen i skolens auditorium kl. 16.30. Etter kveldsmessen feirer vi med kirkekaffe p\u00e5 skolens personalrom.<\/li>\n\n\n\n<li>Menighetens fasteretrett blir 28. febr-2. mars her i St. Paul kirke. P. Arnold Suhardi, Montfortprest fra Roma, kommer og snakker om temaet \u00abKristi \u00c5nd contra verdens \u00e5nd\u00bb. Retretten vil v\u00e6re p\u00e5 engelsk med oversettelse til norsk ved behov. Husk \u00e5 melde dere p\u00e5. Detaljert program er laget og henger p\u00e5 oppslagstavlen.<\/li>\n\n\n\n<li>Jacob Koter Laading har sluttet som menighetsr\u00e5dsleder siden han skal flytte til utlandet. Vi takker ham for hans gode innsats de siste \u00e5rene. Flavius Emiliyanus er blitt valgt som hans etterf\u00f8lger.<\/li>\n\n\n\n<li>Dom Alois og menighetsr\u00e5det takker alle for den gode innsatsen under dugnaden i g\u00e5r. Det er flott at vi fikk b\u00e5de rydde og vaske i v\u00e5re lokaler. <\/li>\n\n\n\n<li>Det blir utvidet menighetsr\u00e5dsm\u00f8te torsdag, 20. feb. kl. 17 p\u00e5 skolens personalrom pga bispebes\u00f8ket 1. mars.<\/li>\n<\/ul>\n\n\n\n<p>Etter h\u00f8ymessen er alle hjertelig velkommen til kirkekaffe i Krypten.<\/p>\n\n\n\n<p><\/p>\n","protected":false},"excerpt":{"rendered":"<p>Etter h\u00f8ymessen er alle hjertelig velkommen til kirkekaffe i Krypten.<\/p>\n","protected":false},"author":6,"featured_media":0,"comment_status":"closed","ping_status":"closed","sticky":false,"template":"","format":"standard","meta":{"colormag_page_container_layout":"default_layout","colormag_page_sidebar_layout":"default_layout","_exactmetrics_skip_tracking":false,"_exactmetrics_sitenote_active":false,"_exactmetrics_sitenote_note":"","_exactmetrics_sitenote_category":0,"footnotes":""},"categories":[4],"tags":[],"class_list":["post-28671","post","type-post","status-publish","format-standard","hentry","category-kunngjoring"],"_links":{"self":[{"href":"https:\/\/bergen.katolsk.no\/index.php?rest_route=\/wp\/v2\/posts\/28671","targetHints":{"allow":["GET"]}}],"collection":[{"href":"https:\/\/bergen.katolsk.no\/index.php?rest_route=\/wp\/v2\/posts"}],"about":[{"href":"https:\/\/bergen.katolsk.no\/index.php?rest_route=\/wp\/v2\/types\/post"}],"author":[{"embeddable":true,"href":"https:\/\/bergen.katolsk.no\/index.php?rest_route=\/wp\/v2\/users\/6"}],"replies":[{"embeddable":true,"href":"https:\/\/bergen.katolsk.no\/index.php?rest_route=%2Fwp%2Fv2%2Fcomments&post=28671"}],"version-history":[{"count":2,"href":"https:\/\/bergen.katolsk.no\/index.php?rest_route=\/wp\/v2\/posts\/28671\/revisions"}],"predecessor-version":[{"id":28673,"href":"https:\/\/bergen.katolsk.no\/index.php?rest_route=\/wp\/v2\/posts\/28671\/revisions\/28673"}],"wp:attachment":[{"href":"https:\/\/bergen.katolsk.no\/index.php?rest_route=%2Fwp%2Fv2%2Fmedia&parent=28671"}],"wp:term":[{"taxonomy":"category","embeddable":true,"href":"https:\/\/bergen.katolsk.no\/index.php?rest_route=%2Fwp%2Fv2%2Fcategories&post=28671"},{"taxonomy":"post_tag","embeddable":true,"href":"https:\/\/bergen.katolsk.no\/index.php?rest_route=%2Fwp%2Fv2%2Ftags&post=28671"}],"curies":[{"name":"wp","href":"https:\/\/api.w.org\/{rel}","templated":true}]}}