{"id":28841,"date":"2025-03-21T11:32:48","date_gmt":"2025-03-21T11:32:48","guid":{"rendered":"https:\/\/bergen.katolsk.no\/?p=28841"},"modified":"2025-03-21T14:22:30","modified_gmt":"2025-03-21T14:22:30","slug":"kunngjoringer-sondag-23-mars-2025","status":"publish","type":"post","link":"https:\/\/bergen.katolsk.no\/?p=28841","title":{"rendered":"KUNNGJ\u00d8RINGER S\u00d8NDAG 23. mars 2025"},"content":{"rendered":"\n<figure class=\"wp-block-image size-full\"><a href=\"https:\/\/bergen.katolsk.no\/wp-content\/uploads\/2024\/01\/St.-paul-Kirke2.jpg\"><img loading=\"lazy\" decoding=\"async\" width=\"425\" height=\"640\" src=\"https:\/\/bergen.katolsk.no\/wp-content\/uploads\/2024\/01\/St.-paul-Kirke2.jpg\" alt=\"\" class=\"wp-image-19012\" srcset=\"https:\/\/bergen.katolsk.no\/wp-content\/uploads\/2024\/01\/St.-paul-Kirke2.jpg 425w, https:\/\/bergen.katolsk.no\/wp-content\/uploads\/2024\/01\/St.-paul-Kirke2-199x300.jpg 199w\" sizes=\"auto, (max-width: 425px) 100vw, 425px\" \/><\/a><\/figure>\n\n\n\n<p><\/p>\n\n\n\n<p>&#8211; Mandag, 24. mars er det mandagskaffe i krypten etter morgenmessen.<\/p>\n\n\n\n<p>&#8211; Tirsdag, 25. mars feirer vi Maria budskapsdag\/Herrens bebudelse med norsk h\u00f8ymesse kl. 19. Alle er velkommen til \u00e5 v\u00e6re med n\u00e5r noen etter messen skal gj\u00f8re konsekrasjon til Jesus gjennom Maria. Maria Alle Hjerters Dronning-gruppen inviterer deretter alle som vil, til kirkekaffe i krypten.<\/p>\n\n\n\n<p>&#8211; Vi minner om at kommende helg, natt til s\u00f8ndag 30. mars, er det tid for \u00e5 stille klokken frem en time siden sommertiden begynner da. Natten blir dermed en time kortere og de som glemmer dette, vil ikke komme tidsnok til messen.<\/p>\n\n\n\n<p>&#8211; Det blir portugisisk messe s\u00f8ndag 30. mars kl. 15.00 p\u00e5 Marias Minde.<\/p>\n\n\n\n<p>&#8211; Som tidligere \u00e5r inviterer menigheten til ekstrem korsvei fredagen f\u00f8r palmes\u00f8ndag, alts\u00e5 fredag 11. april. Vandringen begynner etter messen kl. 19.00. Ruten er ca. 34 km lang og starter og slutter ved St. Paul Kirke. Se oppslag i kirken.<\/p>\n\n\n\n<p>&#8211; Caritas fasteaksjon er i gang. Det ligger fasteb\u00f8sser bak i kirken. St\u00f8tten g\u00e5r til n\u00f8dlidende mennesker.<\/p>\n\n\n\n<p>&#8211; Caritas Bergen har et stort behov for frivillige medarbeidere. Er du student, pensjonist, eller har du noen ledige timer p\u00e5 dagtid? Ta kontakt med oss i presteg\u00e5rden.<\/p>\n\n\n\n<p>&#8212;&#8212;&#8212;&#8212;&#8212;&#8212;&#8212;&#8212;&#8212;&#8212;&#8212;&#8212;&#8212;&#8212;&#8212;&#8212;&#8212;&#8212;&#8212;&#8212;&#8212;&#8212;&#8212;<\/p>\n\n\n\n<p><em>Etter h\u00f8ymessen<\/em> er alle hjertelig velkommen til kirkekaffe i Krypten.<\/p>\n","protected":false},"excerpt":{"rendered":"<p>&#8211; Mandag, 24. mars er det mandagskaffe i krypten etter morgenmessen. &#8211; Tirsdag, 25. mars feirer vi Maria budskapsdag\/Herrens bebudelse<\/p>\n","protected":false},"author":12,"featured_media":0,"comment_status":"closed","ping_status":"closed","sticky":false,"template":"","format":"standard","meta":{"colormag_page_container_layout":"default_layout","colormag_page_sidebar_layout":"default_layout","_exactmetrics_skip_tracking":false,"_exactmetrics_sitenote_active":false,"_exactmetrics_sitenote_note":"","_exactmetrics_sitenote_category":0,"footnotes":""},"categories":[4],"tags":[],"class_list":["post-28841","post","type-post","status-publish","format-standard","hentry","category-kunngjoring"],"_links":{"self":[{"href":"https:\/\/bergen.katolsk.no\/index.php?rest_route=\/wp\/v2\/posts\/28841","targetHints":{"allow":["GET"]}}],"collection":[{"href":"https:\/\/bergen.katolsk.no\/index.php?rest_route=\/wp\/v2\/posts"}],"about":[{"href":"https:\/\/bergen.katolsk.no\/index.php?rest_route=\/wp\/v2\/types\/post"}],"author":[{"embeddable":true,"href":"https:\/\/bergen.katolsk.no\/index.php?rest_route=\/wp\/v2\/users\/12"}],"replies":[{"embeddable":true,"href":"https:\/\/bergen.katolsk.no\/index.php?rest_route=%2Fwp%2Fv2%2Fcomments&post=28841"}],"version-history":[{"count":1,"href":"https:\/\/bergen.katolsk.no\/index.php?rest_route=\/wp\/v2\/posts\/28841\/revisions"}],"predecessor-version":[{"id":28842,"href":"https:\/\/bergen.katolsk.no\/index.php?rest_route=\/wp\/v2\/posts\/28841\/revisions\/28842"}],"wp:attachment":[{"href":"https:\/\/bergen.katolsk.no\/index.php?rest_route=%2Fwp%2Fv2%2Fmedia&parent=28841"}],"wp:term":[{"taxonomy":"category","embeddable":true,"href":"https:\/\/bergen.katolsk.no\/index.php?rest_route=%2Fwp%2Fv2%2Fcategories&post=28841"},{"taxonomy":"post_tag","embeddable":true,"href":"https:\/\/bergen.katolsk.no\/index.php?rest_route=%2Fwp%2Fv2%2Ftags&post=28841"}],"curies":[{"name":"wp","href":"https:\/\/api.w.org\/{rel}","templated":true}]}}