{"id":29036,"date":"2025-06-16T09:45:00","date_gmt":"2025-06-16T09:45:00","guid":{"rendered":"https:\/\/bergen.katolsk.no\/?p=29036"},"modified":"2025-07-10T20:18:20","modified_gmt":"2025-07-10T20:18:20","slug":"seljumannamesse-2025","status":"publish","type":"post","link":"https:\/\/bergen.katolsk.no\/?p=29036","title":{"rendered":"Seljumannamesse 2025"},"content":{"rendered":"\n<figure class=\"wp-block-image size-full\"><a href=\"https:\/\/bergen.katolsk.no\/wp-content\/uploads\/2020\/07\/tn_20200708_122939-rotated.jpg\"><img loading=\"lazy\" decoding=\"async\" width=\"750\" height=\"1000\" src=\"https:\/\/bergen.katolsk.no\/wp-content\/uploads\/2020\/07\/tn_20200708_122939-rotated.jpg\" alt=\"\" class=\"wp-image-14348\" srcset=\"https:\/\/bergen.katolsk.no\/wp-content\/uploads\/2020\/07\/tn_20200708_122939-rotated.jpg 750w, https:\/\/bergen.katolsk.no\/wp-content\/uploads\/2020\/07\/tn_20200708_122939-225x300.jpg 225w\" sizes=\"auto, (max-width: 750px) 100vw, 750px\" \/><\/a><\/figure>\n\n\n\n<div style=\"height:15px\" aria-hidden=\"true\" class=\"wp-block-spacer\"><\/div>\n\n\n\n<p>\u00c5rets seljumannamesse feires som en nasjonal valfart og som en del av jubel\u00e5ret 2025 og de p\u00e5g\u00e5ende forberedelser til Olavsjubileet i 2030. Selja er av biskop Bernt Eidsvig og biskop Erik Varden utnevnt til valfartssted i jubel\u00e5ret og pilegrimer til dette hellige sted kan motta avlat.<\/p>\n\n\n\n<h3 class=\"wp-block-heading\"><strong>L\u00f8rdag, 5. juli 2025: \u00abValfart fra Nord og S\u00f8r\u00bb<\/strong><\/h3>\n\n\n\n<p>Arrang\u00f8r denne dagen er V\u00e5r Frue menighet i \u00c5lesund og det arrangeres fellestransport fra \u00c5lesund<br>kl. 11.30 &nbsp;&nbsp;&nbsp;&nbsp;&nbsp;&nbsp;&nbsp;&nbsp;&nbsp;&nbsp;&nbsp;&nbsp;&nbsp;&nbsp;&nbsp;&nbsp;&nbsp;&nbsp;&nbsp;&nbsp;&nbsp;Ankomst&nbsp;Selje<br>Fra Selje                     (pilegrimer s\u00f8rfra m\u00f8ter direkte ved Klosterb\u00e5ten)<br>kl. 12.00 &nbsp;&nbsp;&nbsp;&nbsp;&nbsp;&nbsp;&nbsp;&nbsp;&nbsp;&nbsp;&nbsp;&nbsp;&nbsp;&nbsp;&nbsp;&nbsp;&nbsp;&nbsp;&nbsp;&nbsp; B\u00e5t til Selja<br>kl. 12.15 &nbsp;&nbsp;&nbsp;&nbsp;&nbsp;&nbsp;&nbsp;&nbsp;&nbsp;&nbsp;&nbsp;&nbsp;&nbsp;&nbsp;&nbsp;&nbsp;&nbsp;&nbsp;&nbsp;&nbsp;&nbsp;Prosesjon fra B\u00f8 til Klosterruinene<br>kl. 13.00 &nbsp;&nbsp;&nbsp;&nbsp;&nbsp;&nbsp;&nbsp;&nbsp;&nbsp;&nbsp;&nbsp;&nbsp;&nbsp;&nbsp;&nbsp;&nbsp;&nbsp;&nbsp;&nbsp;&nbsp; H\u00f8ymesse (celebrant\/preken: biskop Erik Varden)<br>kl. 15.30 &nbsp;&nbsp;&nbsp;&nbsp;&nbsp;&nbsp;&nbsp;&nbsp;&nbsp;&nbsp;&nbsp;&nbsp;&nbsp;&nbsp;&nbsp;&nbsp;&nbsp;&nbsp;&nbsp;&nbsp; Vesper<br> kl. 16.15 &nbsp;&nbsp;&nbsp;&nbsp;&nbsp;&nbsp;&nbsp;&nbsp;&nbsp;&nbsp;&nbsp;&nbsp;&nbsp;&nbsp;&nbsp;&nbsp;&nbsp;&nbsp;&nbsp;&nbsp;B\u00e5t fra Klosterruinene tilbake til Selje<\/p>\n\n\n\n<p>Mer informasjon og <strong><em><u><a href=\"https:\/\/www.katolsk.no\/nyheter\/2025\/05\/selja-2025?fbclid=IwY2xjawKISBxleHRuA2FlbQIxMABicmlkETA1Tkx1bzFPdnl3R1pDZGk2AR4ja_ePEUvDcLVEXmF96gMBAbm6Me4HqoGfYa1_CVkHVYLLrwjCsk1x06aR5A_aem_2MMr08qn7UDUfHlU_wmQkQ\" data-type=\"link\" data-id=\"https:\/\/www.katolsk.no\/nyheter\/2025\/05\/selja-2025?fbclid=IwY2xjawKISBxleHRuA2FlbQIxMABicmlkETA1Tkx1bzFPdnl3R1pDZGk2AR4ja_ePEUvDcLVEXmF96gMBAbm6Me4HqoGfYa1_CVkHVYLLrwjCsk1x06aR5A_aem_2MMr08qn7UDUfHlU_wmQkQ\" target=\"_blank\" rel=\"noreferrer noopener\">p\u00e5meldingskjema finner du p\u00e5 denne siden<\/a><\/u><\/em><\/strong><\/p>\n\n\n\n<h3 class=\"wp-block-heading\"><strong>Mandag, 7. juli: \u00abVigilien\u00bb<\/strong><\/h3>\n\n\n\n<p><strong>Pilegrimssenteret i Selje<\/strong><br>kl. 17.00 &nbsp;&nbsp;&nbsp;&nbsp;&nbsp;&nbsp;&nbsp;&nbsp;&nbsp;&nbsp;&nbsp;&nbsp;&nbsp;&nbsp;&nbsp;&nbsp;&nbsp;&nbsp;&nbsp;&nbsp; Foredrag om Sta. Sunniva ved professor Henning Laugerud<br>kl. 18.30&nbsp;&nbsp;&nbsp;&nbsp;&nbsp;&nbsp;&nbsp;&nbsp;&nbsp;&nbsp;&nbsp;&nbsp;&nbsp;&nbsp;&nbsp;&nbsp;&nbsp;&nbsp;&nbsp;&nbsp;&nbsp; Grilling<\/p>\n\n\n\n<p><strong>Til Selja<\/strong><br>kl. 20.00&nbsp;&nbsp;&nbsp;&nbsp;&nbsp;&nbsp;&nbsp;&nbsp; &nbsp;&nbsp;&nbsp;&nbsp;&nbsp;&nbsp;&nbsp;&nbsp;&nbsp;&nbsp;&nbsp; B\u00e5tavgang med Klosterb\u00e5ten fra Selje til B\u00f8 p\u00e5 Selja<br>kl. 20.50&nbsp;&nbsp;&nbsp;&nbsp;&nbsp;&nbsp;&nbsp;&nbsp;&nbsp;&nbsp;&nbsp;&nbsp;&nbsp;&nbsp;&nbsp;&nbsp;&nbsp;&nbsp;&nbsp;&nbsp; Vigilie (Vesper og Matutin) i Sunniva-hulen p\u00e5 Selja<br>kl. 22.00&nbsp;&nbsp;&nbsp;&nbsp;&nbsp;&nbsp;&nbsp;&nbsp;&nbsp;&nbsp;&nbsp;&nbsp;&nbsp;&nbsp;&nbsp;&nbsp;&nbsp;&nbsp;&nbsp;&nbsp; B\u00e5tavgang med Klosterb\u00e5ten fra B\u00f8 til Selje<\/p>\n\n\n\n<p><strong><em><u><a href=\"https:\/\/www.katolsk.no\/nyheter\/2025\/05\/selja-2025?fbclid=IwY2xjawKISBxleHRuA2FlbQIxMABicmlkETA1Tkx1bzFPdnl3R1pDZGk2AR4ja_ePEUvDcLVEXmF96gMBAbm6Me4HqoGfYa1_CVkHVYLLrwjCsk1x06aR5A_aem_2MMr08qn7UDUfHlU_wmQkQ\" data-type=\"link\" data-id=\"https:\/\/www.katolsk.no\/nyheter\/2025\/05\/selja-2025?fbclid=IwY2xjawKISBxleHRuA2FlbQIxMABicmlkETA1Tkx1bzFPdnl3R1pDZGk2AR4ja_ePEUvDcLVEXmF96gMBAbm6Me4HqoGfYa1_CVkHVYLLrwjCsk1x06aR5A_aem_2MMr08qn7UDUfHlU_wmQkQ\" target=\"_blank\" rel=\"noreferrer noopener\">P\u00e5meldingskjema finner du p\u00e5 denne siden<\/a><\/u><\/em><\/strong><\/p>\n\n\n\n<h3 class=\"wp-block-heading\"><strong>Tirsdag, 8. juli: \u00abSt. Sunniva \u2013 Seljumannamesse\u00bb<\/strong><\/h3>\n\n\n\n<p>Til \u00f8ya<br>kl. 10.00 og 10.20&nbsp;&nbsp;&nbsp; B\u00e5tavgang fra Selje til B\u00f8 p\u00e5 Selja<br>kl. 10.30&nbsp;&nbsp;&nbsp;&nbsp;&nbsp;&nbsp;&nbsp;&nbsp;&nbsp;&nbsp;&nbsp;&nbsp;&nbsp;&nbsp;&nbsp;&nbsp;&nbsp;&nbsp;&nbsp; Prosesjon fra B\u00f8 til klosterruinene<br>kl. 10.30&nbsp;&nbsp;&nbsp;&nbsp;&nbsp;&nbsp;&nbsp;&nbsp;&nbsp;&nbsp;&nbsp;&nbsp;&nbsp;&nbsp;&nbsp;&nbsp;&nbsp;&nbsp;&nbsp;&nbsp;&nbsp; B\u00e5tavgang fra Selje, helt ut til klosteranlegget (for dem som trenger det)<br>kl. 11.30&nbsp;&nbsp;&nbsp;&nbsp;&nbsp;&nbsp;&nbsp;&nbsp;&nbsp;&nbsp;&nbsp;&nbsp;&nbsp;&nbsp;&nbsp;&nbsp;&nbsp;&nbsp;&nbsp;&nbsp; Seljumannamesse (celebrant\/preken: biskop Fredrik Hansen)<br>&nbsp;&nbsp;&nbsp;&nbsp;&nbsp;&nbsp;&nbsp;&nbsp;&nbsp;&nbsp;&nbsp; Mulighet for skriftem\u00e5l etter messen.<\/p>\n\n\n\n<p><strong>F\u00f8rste runde tilbake til Selje<\/strong><br>kl. 14.30&nbsp;&nbsp;&nbsp;&nbsp;&nbsp;&nbsp;&nbsp;&nbsp;&nbsp;&nbsp;&nbsp;&nbsp;&nbsp;&nbsp;&nbsp;&nbsp;&nbsp;&nbsp;&nbsp;&nbsp; B\u00e5t fra klosterruinene til Selje for dem som vil dra hjem.<br>kl. 15.00&nbsp;&nbsp;&nbsp;&nbsp;&nbsp;&nbsp;&nbsp;&nbsp;&nbsp;&nbsp;&nbsp;&nbsp;&nbsp;&nbsp;&nbsp;&nbsp;&nbsp;&nbsp;&nbsp;&nbsp; Grilling, sosialt samv\u00e6r og \u00e5rsm\u00f8te i Venner av Selja klosterg\u00e5rd for alle som vil v\u00e6re med.<\/p>\n\n\n\n<p><strong>Andre runde tilbake til Selje<\/strong><br>kl. 18.00\u00a0\u00a0\u00a0\u00a0\u00a0\u00a0\u00a0\u00a0\u00a0\u00a0\u00a0\u00a0\u00a0\u00a0\u00a0\u00a0\u00a0\u00a0\u00a0\u00a0 Privat b\u00e5ttransport til land.<\/p>\n\n\n\n<p><strong><em><u><a href=\"https:\/\/www.katolsk.no\/nyheter\/2025\/05\/selja-2025?fbclid=IwY2xjawKISBxleHRuA2FlbQIxMABicmlkETA1Tkx1bzFPdnl3R1pDZGk2AR4ja_ePEUvDcLVEXmF96gMBAbm6Me4HqoGfYa1_CVkHVYLLrwjCsk1x06aR5A_aem_2MMr08qn7UDUfHlU_wmQkQ\" data-type=\"link\" data-id=\"https:\/\/www.katolsk.no\/nyheter\/2025\/05\/selja-2025?fbclid=IwY2xjawKISBxleHRuA2FlbQIxMABicmlkETA1Tkx1bzFPdnl3R1pDZGk2AR4ja_ePEUvDcLVEXmF96gMBAbm6Me4HqoGfYa1_CVkHVYLLrwjCsk1x06aR5A_aem_2MMr08qn7UDUfHlU_wmQkQ\" target=\"_blank\" rel=\"noreferrer noopener\">P\u00e5meldingskjema finner du p\u00e5 denne siden<\/a><\/u><\/em><\/strong><\/p>\n\n\n\n<p><\/p>\n\n\n\n<hr class=\"wp-block-separator has-alpha-channel-opacity\"\/>\n\n\n\n<p><strong>For \u00e5 delta som pilegrim m\u00e5 du gj\u00f8re to ting:<\/strong><\/p>\n\n\n\n<ol start=\"1\" class=\"wp-block-list\">\n<li>Melde deg p\u00e5 via skjema.<\/li>\n\n\n\n<li>Kj\u00f8pe billett til Klosterb\u00e5ten p\u00e5&nbsp;<a href=\"https:\/\/www.fjordguidingselje.no\/\" target=\"_blank\" rel=\"noreferrer noopener\">fjordguidingselje.no<\/a>. Viktig: B\u00e5tavgangene kan bli fulle, s\u00e5 husk \u00e5 kj\u00f8pe b\u00e5tbillett i det du melder deg p\u00e5. (Dette punktet gjelder 7.\u20138. juli. Det er ikke avklart hvordan \u00c5lesund organiserer dette 5. juli.)&nbsp;<\/li>\n<\/ol>\n\n\n\n<p>Biskopene vil oppmuntre til at folk g\u00e5r sammen og organiserer enkle valfarter fra&nbsp;sine menigheter \u2013 gjerne etter modellen:<\/p>\n\n\n\n<p><em>\u00abVi er flere fra menigheten som drar til Selja i dette jubel\u00e5ret for \u00e5 delta i det offisielle programmet. Alle ordner reise, mat og overnatting selv. Praktisk info finnes p\u00e5 katolsk.no. Ta kontakt med NN dersom du \u00f8nsker \u00e5 kj\u00f8re sammen med andre.\u00bb&nbsp;<\/em>Det er b\u00e5de praktisk og hyggelig \u00e5 reise i fellesskap.<\/p>\n\n\n\n<p><strong>Overnattingsmuligheter <\/strong><strong><\/strong><\/p>\n\n\n\n<p>Hotellet i Selje har dessverre brent ned, men her er tips til noen andre fine overnattingssteder.<\/p>\n\n\n\n<ul class=\"wp-block-list\">\n<li>Selje camping (i Selje)&nbsp;<a href=\"http:\/\/www.seljecamping.no\" target=\"_blank\" rel=\"noreferrer noopener\">http:\/\/www.seljecamping.no<\/a> I tillegg til campingmuligheter, leier Selje camping ut fine, store hytter av god kvalitet, med kj\u00f8kken og to soverom.<\/li>\n\n\n\n<li>Seljev\u00e5gen apartments (i Selje)&nbsp;<a href=\"http:\/\/www.seljevaagen-apartment.com\/\" target=\"_blank\" rel=\"noreferrer noopener\">http:\/\/www.seljevaagen-apartment.com\/<\/a>&nbsp;midt i Selje sentrum.<\/li>\n\n\n\n<li>Rorbuer og leiligheter i Selje:&nbsp;<a href=\"https:\/\/www.hjartestad.no\/leiligheter\/\" target=\"_blank\" rel=\"noreferrer noopener\">https:\/\/www.hjartestad.no\/leiligheter\/<\/a>&nbsp;Fem overnattingsmuligheter i Selje.<\/li>\n\n\n\n<li>P\u00e5\u00a0<a href=\"https:\/\/www.hjartestad.no\/ein-stad-a-sove\/\">https:\/\/www.hjartestad.no\/ein-stad-a-sove\/<\/a> finner du flere lokale overnattingsalternativer i Selje-omr\u00e5det.<\/li>\n\n\n\n<li>Det er mange muligheter p\u00e5&nbsp;<a href=\"https:\/\/www.airbnb.no\/\" target=\"_blank\" rel=\"noreferrer noopener\">AirBNB.no<\/a><\/li>\n\n\n\n<li>Stad hotell&nbsp;<a href=\"https:\/\/stadhotell.no\/\" target=\"_blank\" rel=\"noreferrer noopener\">https:\/\/stadhotell.no\/<\/a><\/li>\n\n\n\n<li>Jetmund Gjesteheim (i \u00c5heim)&nbsp;<a href=\"https:\/\/www.jetmundgjesteheim.no\/\" target=\"_blank\" rel=\"noreferrer noopener\">https:\/\/www.jetmundgjesteheim.no\/<\/a><\/li>\n\n\n\n<li>Ellers er det ogs\u00e5 mange overnattingsmuligheter i kommunesenteret Nordfjordeid, en time \u00e5 kj\u00f8re fra Selje. Ikke minst&nbsp;<a href=\"https:\/\/www.nordfjord-hotell.no\/\" target=\"_blank\" rel=\"noreferrer noopener\">Nordfjord hotell.&nbsp;<\/a>Her kan du se flere overnattingsalternativer i Nordfjord:&nbsp;<a href=\"https:\/\/www.nordfjord.no\/bestill\/overnatting\" target=\"_blank\" rel=\"noreferrer noopener\">https:\/\/www.nordfjord.no\/bestill\/overnatting<\/a><\/li>\n<\/ul>\n\n\n\n<p><\/p>\n","protected":false},"excerpt":{"rendered":"<p>\u00c5rets seljumannamesse feires som en nasjonal valfart og som en del av jubel\u00e5ret 2025 og de p\u00e5g\u00e5ende forberedelser til Olavsjubileet<\/p>\n","protected":false},"author":6,"featured_media":0,"comment_status":"closed","ping_status":"closed","sticky":false,"template":"","format":"standard","meta":{"colormag_page_container_layout":"default_layout","colormag_page_sidebar_layout":"default_layout","_exactmetrics_skip_tracking":false,"_exactmetrics_sitenote_active":false,"_exactmetrics_sitenote_note":"","_exactmetrics_sitenote_category":0,"footnotes":""},"categories":[1],"tags":[],"class_list":["post-29036","post","type-post","status-publish","format-standard","hentry","category-aktuelt"],"_links":{"self":[{"href":"https:\/\/bergen.katolsk.no\/index.php?rest_route=\/wp\/v2\/posts\/29036","targetHints":{"allow":["GET"]}}],"collection":[{"href":"https:\/\/bergen.katolsk.no\/index.php?rest_route=\/wp\/v2\/posts"}],"about":[{"href":"https:\/\/bergen.katolsk.no\/index.php?rest_route=\/wp\/v2\/types\/post"}],"author":[{"embeddable":true,"href":"https:\/\/bergen.katolsk.no\/index.php?rest_route=\/wp\/v2\/users\/6"}],"replies":[{"embeddable":true,"href":"https:\/\/bergen.katolsk.no\/index.php?rest_route=%2Fwp%2Fv2%2Fcomments&post=29036"}],"version-history":[{"count":11,"href":"https:\/\/bergen.katolsk.no\/index.php?rest_route=\/wp\/v2\/posts\/29036\/revisions"}],"predecessor-version":[{"id":29110,"href":"https:\/\/bergen.katolsk.no\/index.php?rest_route=\/wp\/v2\/posts\/29036\/revisions\/29110"}],"wp:attachment":[{"href":"https:\/\/bergen.katolsk.no\/index.php?rest_route=%2Fwp%2Fv2%2Fmedia&parent=29036"}],"wp:term":[{"taxonomy":"category","embeddable":true,"href":"https:\/\/bergen.katolsk.no\/index.php?rest_route=%2Fwp%2Fv2%2Fcategories&post=29036"},{"taxonomy":"post_tag","embeddable":true,"href":"https:\/\/bergen.katolsk.no\/index.php?rest_route=%2Fwp%2Fv2%2Ftags&post=29036"}],"curies":[{"name":"wp","href":"https:\/\/api.w.org\/{rel}","templated":true}]}}